{"id":8983,"date":"2014-08-31T13:41:22","date_gmt":"2014-08-31T11:41:22","guid":{"rendered":"https:\/\/lidija-photo.com\/storm-sun-will-shine-2\/"},"modified":"2020-03-03T03:44:25","modified_gmt":"2020-03-03T02:44:25","slug":"nakon-kise-dolazi-sunce","status":"publish","type":"post","link":"https:\/\/lidija-photo.com\/hr\/blog-hr\/dokumentarno\/nakon-kise-dolazi-sunce\/","title":{"rendered":"Nakon ki\u0161e dolazi sunce"},"content":{"rendered":"<p><div class=\"fusion-fullwidth fullwidth-box fusion-builder-row-1 fusion-flex-container nonhundred-percent-fullwidth non-hundred-percent-height-scrolling\" style=\"--awb-border-radius-top-left:0px;--awb-border-radius-top-right:0px;--awb-border-radius-bottom-right:0px;--awb-border-radius-bottom-left:0px;--awb-background-color:rgba(36,36,36,0);--awb-flex-wrap:wrap;\" ><div class=\"fusion-builder-row fusion-row fusion-flex-align-items-flex-start fusion-flex-content-wrap\" style=\"max-width:calc( 1440px + 0px );margin-left: calc(-0px \/ 2 );margin-right: calc(-0px \/ 2 );\"><div class=\"fusion-layout-column fusion_builder_column fusion-builder-column-0 fusion_builder_column_1_1 1_1 fusion-flex-column\" style=\"--awb-bg-size:cover;--awb-width-large:100%;--awb-margin-top-large:0px;--awb-spacing-right-large:0px;--awb-margin-bottom-large:20px;--awb-spacing-left-large:0px;--awb-width-medium:100%;--awb-spacing-right-medium:0px;--awb-spacing-left-medium:0px;--awb-width-small:100%;--awb-spacing-right-small:0px;--awb-spacing-left-small:0px;\"><div class=\"fusion-column-wrapper fusion-column-has-shadow fusion-flex-justify-content-flex-start fusion-content-layout-column\"><nav class=\"fusion-breadcrumbs awb-yoast-breadcrumbs fusion-breadcrumbs-1\" style=\"--awb-margin-bottom:50px;--awb-alignment:left;--awb-text-hover-color:#ffe1b5;--awb-text-color:#dddddd;--awb-breadcrumb-sep:&#039;|&#039;;text-align:left;\" aria-label=\"Breadcrumb\"><ol class=\"awb-breadcrumb-list\"><li class=\"fusion-breadcrumb-item\"  aria-hidden=\"true\"><span  class=\"fusion-breadcrumb-prefix\">Gdje sam:<\/span><\/li><li class=\"fusion-breadcrumb-item awb-breadcrumb-sep awb-home\" ><a href=\"https:\/\/lidija-photo.com\/hr\/\" class=\"fusion-breadcrumb-link\"><span >Home<\/span><\/a><\/li><\/ol><\/nav><\/div><\/div><\/div><\/div><div class=\"fusion-fullwidth fullwidth-box fusion-builder-row-2 fusion-flex-container nonhundred-percent-fullwidth non-hundred-percent-height-scrolling\" style=\"--awb-border-radius-top-left:0px;--awb-border-radius-top-right:0px;--awb-border-radius-bottom-right:0px;--awb-border-radius-bottom-left:0px;--awb-background-color:rgba(36,36,36,0);--awb-flex-wrap:wrap;\" ><div class=\"fusion-builder-row fusion-row fusion-flex-align-items-flex-start fusion-flex-content-wrap\" style=\"max-width:calc( 1440px + 0px );margin-left: calc(-0px \/ 2 );margin-right: calc(-0px \/ 2 );\"><div class=\"fusion-layout-column fusion_builder_column fusion-builder-column-1 fusion_builder_column_1_1 1_1 fusion-flex-column\" style=\"--awb-bg-size:cover;--awb-width-large:100%;--awb-margin-top-large:0px;--awb-spacing-right-large:0px;--awb-margin-bottom-large:0px;--awb-spacing-left-large:0px;--awb-width-medium:100%;--awb-spacing-right-medium:0px;--awb-spacing-left-medium:0px;--awb-width-small:100%;--awb-spacing-right-small:0px;--awb-spacing-left-small:0px;\"><div class=\"fusion-column-wrapper fusion-flex-justify-content-flex-start fusion-content-layout-column\"><div class=\"fusion-title title fusion-title-1 fusion-sep-none fusion-title-center fusion-title-text fusion-title-size-one\" style=\"--awb-margin-top-small:0px;--awb-margin-right-small:0px;--awb-margin-bottom-small:20px;--awb-margin-left-small:0px;\"><h1 class=\"fusion-title-heading title-heading-center fusion-responsive-typography-calculated\" style=\"margin:0;--fontSize:45;line-height:1.6;\">Nakon ki\u0161e dolazi sunce<\/h1><\/div><div class=\"fusion-text fusion-text-1\"><p style=\"text-align: justify;\">23.8.2014. jaka oluja pogodila je Split. Fronta je prolazila niz jadransku obalu, pra\u0107ena jakim vjetrom, munjama i ki\u0161om. Danima se prognoziralo nevrijeme ali nisam znala da \u0107e biti tako jako. Tako sam, umjesto da odem negdje poslikati dolazak oblaka &#8211; ostala doma. Velika gre\u0161ka.<\/p>\n<p style=\"text-align: justify;\">Ipak, napravila sam sa balkona par snimaka <em>shelf clouda<\/em> koji se pribli\u017eavao Splitu. Dolazio je nevjerojatnom brzinom tako da nije bilo vremena za negdje brzinski oti\u0107i, ali nisam mogla izdr\u017eati da ga bar od doma ne slikam.<\/p>\n<p style=\"text-align: justify;\"><a href=\"https:\/\/lidija-photo.com\/fotografije\/blog\/2014\/nevrijeme-u-splitu\/nevrijeme-u-splitu-shelf-cloud-1.jpg\"><img decoding=\"async\" title=\" \" src=\"https:\/\/lidija-photo.com\/fotografije\/blog\/2014\/nevrijeme-u-splitu\/thumbs\/thumbs_nevrijeme-u-splitu-shelf-cloud-1.jpg\" alt=\"nevrijeme-u-splitu-shelf-cloud-1\" width=\"1000\" height=\"666\"><\/a><\/p>\n<p><a href=\"https:\/\/lidija-photo.com\/fotografije\/blog\/2014\/nevrijeme-u-splitu\/nevrijeme-u-splitu-shelf-cloud-2.jpg\"><img decoding=\"async\" title=\" \" src=\"https:\/\/lidija-photo.com\/fotografije\/blog\/2014\/nevrijeme-u-splitu\/thumbs\/thumbs_nevrijeme-u-splitu-shelf-cloud-2.jpg\" alt=\"nevrijeme-u-splitu-shelf-cloud-2\" width=\"1000\" height=\"699\"><\/a><\/p>\n<p>A evo i video oluje koja se pribli\u017eava i situacije dok je trajala:<\/p>\n<p><iframe class=\"fusion-hidden\" data-privacy-type=\"youtube\" src=\"\" data-privacy-src=\"\/\/www.youtube.com\/embed\/NmHL8HnQu-Q\" allowfullscreen=\"allowfullscreen\" width=\"650\" height=\"366\" frameborder=\"0\"><\/iframe><div class=\"fusion-privacy-placeholder\" style=\"width:650px; height:366px;\" data-privacy-type=\"youtube\"><div class=\"fusion-privacy-placeholder-content\"><div class=\"fusion-privacy-label\">For privacy reasons YouTube needs your permission to be loaded.<\/div><button data-privacy-type=\"youtube\" class=\"fusion-button button-default fusion-button-default-size button fusion-privacy-consent\">I Accept<\/button><\/div><\/div><\/p>\n<p style=\"text-align: justify;\">Kad je nevrijeme pro\u0161lo, dogodilo se ne\u0161to prekrasno. Sje\u0107ate se da sam ve\u0107 bila pisala o <a title=\"Vikend fantasti\u010dnog svjetla\" href=\"https:\/\/lidija-photo.com\/hr\/all\/blog\/dokumentarno\/vikend-fantasticnog-svjetla\/\">prekrasnom svjetlu i dvostrukoj dugi iznad Splita<\/a>? Pa eto, opet se dogodila. Isti scenarij. Nakon nevremena oblaci su se na zapadu po\u010deli razilaziti, nebo je zasvijetlilo \u017eutom bojom i pojavilo se sunce osvjetljavaju\u0107i ki\u0161u iznad grada, stvaraju\u0107i prekrasnu, intenzivnu dvostruku dugu. Opet sam znala koja bi mogla biti najbolja lokacija.<\/p>\n<p style=\"text-align: justify;\">Izjurila sam iz ku\u0107e i krenula prema <a href=\"https:\/\/lidija-photo.com\/split-croatia\/marjan-hill\/\">Marjanu<\/a>. Sa Vidilice sam poslikala grad i luku ukra\u0161ene prekrasnom dvostrukom dugom. Nevjerojatan prizor, opet sam imala sre\u0107e&nbsp; :)<\/p>\n<p>&nbsp;<a href=\"https:\/\/lidija-photo.com\/fotografije\/blog\/2014\/nevrijeme-u-splitu\/dvostruka-duga-iznad-splita-1.jpg\"><img decoding=\"async\" title=\" \" src=\"https:\/\/lidija-photo.com\/fotografije\/blog\/2014\/nevrijeme-u-splitu\/thumbs\/thumbs_dvostruka-duga-iznad-splita-1.jpg\" alt=\"dvostruka-duga-iznad-splita-1\" width=\"533\" height=\"800\"><\/a><\/p>\n<p><a href=\"https:\/\/lidija-photo.com\/fotografije\/blog\/2014\/nevrijeme-u-splitu\/dvostruka-duga-iznad-splita-2.jpg\"><img decoding=\"async\" title=\" \" src=\"https:\/\/lidija-photo.com\/fotografije\/blog\/2014\/nevrijeme-u-splitu\/thumbs\/thumbs_dvostruka-duga-iznad-splita-2.jpg\" alt=\"dvostruka-duga-iznad-splita-2\" width=\"1000\" height=\"559\"><\/a><\/p>\n<\/div><div class=\"fusion-separator fusion-full-width-sep\" style=\"align-self: center;margin-left: auto;margin-right: auto;margin-top:50px;margin-bottom:40px;width:100%;\"><div class=\"fusion-separator-border sep-shadow\" style=\"--awb-height:20px;--awb-amount:20px;--awb-sep-color:#ffffff;background:radial-gradient(ellipse at 50% -50% , #ffffff 0px, rgba(255, 255, 255, 0) 80%) repeat scroll 0 0 rgba(0, 0, 0, 0);background:-webkit-radial-gradient(ellipse at 50% -50% , #ffffff 0px, rgba(255, 255, 255, 0) 80%) repeat scroll 0 0 rgba(0, 0, 0, 0);background:-moz-radial-gradient(ellipse at 50% -50% , #ffffff 0px, rgba(255, 255, 255, 0) 80%) repeat scroll 0 0 rgba(0, 0, 0, 0);background:-o-radial-gradient(ellipse at 50% -50% , #ffffff 0px, rgba(255, 255, 255, 0) 80%) repeat scroll 0 0 rgba(0, 0, 0, 0);\"><\/div><\/div><\/div><\/div><\/div><\/div><\/p>\n","protected":false},"excerpt":{"rendered":"","protected":false},"author":1,"featured_media":38691,"comment_status":"open","ping_status":"open","sticky":false,"template":"","format":"standard","meta":{"ngg_post_thumbnail":0,"footnotes":""},"categories":[2999],"tags":[2949,3062,2989],"class_list":["post-8983","post","type-post","status-publish","format-standard","has-post-thumbnail","hentry","category-dokumentarno","tag-hrvatska","tag-meteo-hr","tag-grad-split"],"yoast_head":"<!-- This site is optimized with the Yoast SEO plugin v27.4 - https:\/\/yoast.com\/product\/yoast-seo-wordpress\/ -->\n<title>Nakon ki\u0161e dolazi sunce - nevrijeme u Splitu | Blog | Lidija Lolic<\/title>\n<meta name=\"description\" content=\"Blog post o nevremenu koje je zahvatilo Split 23.8.2014. Fotografije i video shelf oblaka i dvostruke duge iznad Splita.\" \/>\n<meta name=\"robots\" content=\"index, follow, max-snippet:-1, max-image-preview:large, max-video-preview:-1\" \/>\n<link rel=\"canonical\" href=\"https:\/\/lidija-photo.com\/hr\/blog-hr\/dokumentarno\/nakon-kise-dolazi-sunce\/\" \/>\n<meta property=\"og:locale\" content=\"hr_HR\" \/>\n<meta property=\"og:type\" content=\"article\" \/>\n<meta property=\"og:title\" content=\"Nakon ki\u0161e dolazi sunce - nevrijeme u Splitu | Blog | Lidija Lolic\" \/>\n<meta property=\"og:description\" content=\"Blog post o nevremenu koje je zahvatilo Split 23.8.2014. Fotografije i video shelf oblaka i dvostruke duge iznad Splita.\" \/>\n<meta property=\"og:url\" content=\"https:\/\/lidija-photo.com\/hr\/blog-hr\/dokumentarno\/nakon-kise-dolazi-sunce\/\" \/>\n<meta property=\"og:site_name\" content=\"Lidija Loli\u0107 Photography\" \/>\n<meta property=\"article:publisher\" content=\"https:\/\/www.facebook.com\/lolic.lidija\" \/>\n<meta property=\"article:author\" content=\"https:\/\/www.facebook.com\/lolic.lidija\" \/>\n<meta property=\"article:published_time\" content=\"2014-08-31T11:41:22+00:00\" \/>\n<meta property=\"article:modified_time\" content=\"2020-03-03T02:44:25+00:00\" \/>\n<meta property=\"og:image\" content=\"https:\/\/lidija-photo.com\/wp-content\/uploads\/2014\/08\/panorama-grada-splita-060-featured.jpg\" \/>\n\t<meta property=\"og:image:width\" content=\"800\" \/>\n\t<meta property=\"og:image:height\" content=\"447\" \/>\n\t<meta property=\"og:image:type\" content=\"image\/jpeg\" \/>\n<meta name=\"author\" content=\"Lidija\" \/>\n<meta name=\"twitter:card\" content=\"summary_large_image\" \/>\n<meta name=\"twitter:label1\" content=\"Napisao\/la\" \/>\n\t<meta name=\"twitter:data1\" content=\"Lidija\" \/>\n\t<meta name=\"twitter:label2\" content=\"Procijenjeno vrijeme \u010ditanja\" \/>\n\t<meta name=\"twitter:data2\" content=\"5 minutes\" \/>\n<script type=\"application\/ld+json\" class=\"yoast-schema-graph\">{\"@context\":\"https:\\\/\\\/schema.org\",\"@graph\":[{\"@type\":\"Article\",\"@id\":\"https:\\\/\\\/lidija-photo.com\\\/hr\\\/blog-hr\\\/dokumentarno\\\/nakon-kise-dolazi-sunce\\\/#article\",\"isPartOf\":{\"@id\":\"https:\\\/\\\/lidija-photo.com\\\/hr\\\/blog-hr\\\/dokumentarno\\\/nakon-kise-dolazi-sunce\\\/\"},\"author\":{\"name\":\"Lidija\",\"@id\":\"https:\\\/\\\/lidija-photo.com\\\/hr\\\/#\\\/schema\\\/person\\\/6c1b078b6fb2a3c266ad393ead6da313\"},\"headline\":\"Nakon ki\u0161e dolazi sunce\",\"datePublished\":\"2014-08-31T11:41:22+00:00\",\"dateModified\":\"2020-03-03T02:44:25+00:00\",\"mainEntityOfPage\":{\"@id\":\"https:\\\/\\\/lidija-photo.com\\\/hr\\\/blog-hr\\\/dokumentarno\\\/nakon-kise-dolazi-sunce\\\/\"},\"wordCount\":1031,\"commentCount\":0,\"publisher\":{\"@id\":\"https:\\\/\\\/lidija-photo.com\\\/hr\\\/#\\\/schema\\\/person\\\/6c1b078b6fb2a3c266ad393ead6da313\"},\"image\":{\"@id\":\"https:\\\/\\\/lidija-photo.com\\\/hr\\\/blog-hr\\\/dokumentarno\\\/nakon-kise-dolazi-sunce\\\/#primaryimage\"},\"thumbnailUrl\":\"https:\\\/\\\/lidija-photo.com\\\/wp-content\\\/uploads\\\/2014\\\/08\\\/panorama-grada-splita-060-featured.jpg\",\"keywords\":[\"Hrvatska\",\"Meteo\",\"Split\"],\"articleSection\":[\"Dokumentarno\"],\"inLanguage\":\"hr\",\"potentialAction\":[{\"@type\":\"CommentAction\",\"name\":\"Comment\",\"target\":[\"https:\\\/\\\/lidija-photo.com\\\/hr\\\/blog-hr\\\/dokumentarno\\\/nakon-kise-dolazi-sunce\\\/#respond\"]}]},{\"@type\":\"WebPage\",\"@id\":\"https:\\\/\\\/lidija-photo.com\\\/hr\\\/blog-hr\\\/dokumentarno\\\/nakon-kise-dolazi-sunce\\\/\",\"url\":\"https:\\\/\\\/lidija-photo.com\\\/hr\\\/blog-hr\\\/dokumentarno\\\/nakon-kise-dolazi-sunce\\\/\",\"name\":\"Nakon ki\u0161e dolazi sunce - nevrijeme u Splitu | Blog | Lidija Lolic\",\"isPartOf\":{\"@id\":\"https:\\\/\\\/lidija-photo.com\\\/hr\\\/#website\"},\"primaryImageOfPage\":{\"@id\":\"https:\\\/\\\/lidija-photo.com\\\/hr\\\/blog-hr\\\/dokumentarno\\\/nakon-kise-dolazi-sunce\\\/#primaryimage\"},\"image\":{\"@id\":\"https:\\\/\\\/lidija-photo.com\\\/hr\\\/blog-hr\\\/dokumentarno\\\/nakon-kise-dolazi-sunce\\\/#primaryimage\"},\"thumbnailUrl\":\"https:\\\/\\\/lidija-photo.com\\\/wp-content\\\/uploads\\\/2014\\\/08\\\/panorama-grada-splita-060-featured.jpg\",\"datePublished\":\"2014-08-31T11:41:22+00:00\",\"dateModified\":\"2020-03-03T02:44:25+00:00\",\"description\":\"Blog post o nevremenu koje je zahvatilo Split 23.8.2014. Fotografije i video shelf oblaka i dvostruke duge iznad Splita.\",\"breadcrumb\":{\"@id\":\"https:\\\/\\\/lidija-photo.com\\\/hr\\\/blog-hr\\\/dokumentarno\\\/nakon-kise-dolazi-sunce\\\/#breadcrumb\"},\"inLanguage\":\"hr\",\"potentialAction\":[{\"@type\":\"ReadAction\",\"target\":[\"https:\\\/\\\/lidija-photo.com\\\/hr\\\/blog-hr\\\/dokumentarno\\\/nakon-kise-dolazi-sunce\\\/\"]}]},{\"@type\":\"ImageObject\",\"inLanguage\":\"hr\",\"@id\":\"https:\\\/\\\/lidija-photo.com\\\/hr\\\/blog-hr\\\/dokumentarno\\\/nakon-kise-dolazi-sunce\\\/#primaryimage\",\"url\":\"https:\\\/\\\/lidija-photo.com\\\/wp-content\\\/uploads\\\/2014\\\/08\\\/panorama-grada-splita-060-featured.jpg\",\"contentUrl\":\"https:\\\/\\\/lidija-photo.com\\\/wp-content\\\/uploads\\\/2014\\\/08\\\/panorama-grada-splita-060-featured.jpg\",\"width\":800,\"height\":447,\"caption\":\"A stunning rainbow appears after rain over the city and river, symbolizing hope and new beginnings.\"},{\"@type\":\"BreadcrumbList\",\"@id\":\"https:\\\/\\\/lidija-photo.com\\\/hr\\\/blog-hr\\\/dokumentarno\\\/nakon-kise-dolazi-sunce\\\/#breadcrumb\",\"itemListElement\":[{\"@type\":\"ListItem\",\"position\":1,\"name\":\"Home\",\"item\":\"https:\\\/\\\/lidija-photo.com\\\/hr\\\/\"},{\"@type\":\"ListItem\",\"position\":2,\"name\":\"Blog\",\"item\":\"https:\\\/\\\/lidija-photo.com\\\/hr\\\/blog-hr\\\/\"},{\"@type\":\"ListItem\",\"position\":3,\"name\":\"Dokumentarno\",\"item\":\"https:\\\/\\\/lidija-photo.com\\\/hr\\\/blog-hr\\\/dokumentarno\\\/\"},{\"@type\":\"ListItem\",\"position\":4,\"name\":\"Nakon ki\u0161e dolazi sunce\"}]},{\"@type\":\"WebSite\",\"@id\":\"https:\\\/\\\/lidija-photo.com\\\/hr\\\/#website\",\"url\":\"https:\\\/\\\/lidija-photo.com\\\/hr\\\/\",\"name\":\"Lidija Loli\u0107 Photography\",\"description\":\"\",\"publisher\":{\"@id\":\"https:\\\/\\\/lidija-photo.com\\\/hr\\\/#\\\/schema\\\/person\\\/6c1b078b6fb2a3c266ad393ead6da313\"},\"alternateName\":\"Lidija Lolic Photography\",\"potentialAction\":[{\"@type\":\"SearchAction\",\"target\":{\"@type\":\"EntryPoint\",\"urlTemplate\":\"https:\\\/\\\/lidija-photo.com\\\/hr\\\/?s={search_term_string}\"},\"query-input\":{\"@type\":\"PropertyValueSpecification\",\"valueRequired\":true,\"valueName\":\"search_term_string\"}}],\"inLanguage\":\"hr\"},{\"@type\":[\"Person\",\"Organization\"],\"@id\":\"https:\\\/\\\/lidija-photo.com\\\/hr\\\/#\\\/schema\\\/person\\\/6c1b078b6fb2a3c266ad393ead6da313\",\"name\":\"Lidija\",\"image\":{\"@type\":\"ImageObject\",\"inLanguage\":\"hr\",\"@id\":\"https:\\\/\\\/lidija-photo.com\\\/wp-content\\\/uploads\\\/2018\\\/01\\\/lidija-lolic-logo-580px-en.png\",\"url\":\"https:\\\/\\\/lidija-photo.com\\\/wp-content\\\/uploads\\\/2018\\\/01\\\/lidija-lolic-logo-580px-en.png\",\"contentUrl\":\"https:\\\/\\\/lidija-photo.com\\\/wp-content\\\/uploads\\\/2018\\\/01\\\/lidija-lolic-logo-580px-en.png\",\"width\":580,\"height\":138,\"caption\":\"Lidija\"},\"logo\":{\"@id\":\"https:\\\/\\\/lidija-photo.com\\\/wp-content\\\/uploads\\\/2018\\\/01\\\/lidija-lolic-logo-580px-en.png\"},\"sameAs\":[\"http:\\\/\\\/lidija-photo.com\",\"https:\\\/\\\/www.facebook.com\\\/lolic.lidija\",\"https:\\\/\\\/www.instagram.com\\\/lidijalolic_photography\\\/\"]}]}<\/script>\n<!-- \/ Yoast SEO plugin. -->","yoast_head_json":{"title":"Nakon ki\u0161e dolazi sunce - nevrijeme u Splitu | Blog | Lidija Lolic","description":"Blog post o nevremenu koje je zahvatilo Split 23.8.2014. Fotografije i video shelf oblaka i dvostruke duge iznad Splita.","robots":{"index":"index","follow":"follow","max-snippet":"max-snippet:-1","max-image-preview":"max-image-preview:large","max-video-preview":"max-video-preview:-1"},"canonical":"https:\/\/lidija-photo.com\/hr\/blog-hr\/dokumentarno\/nakon-kise-dolazi-sunce\/","og_locale":"hr_HR","og_type":"article","og_title":"Nakon ki\u0161e dolazi sunce - nevrijeme u Splitu | Blog | Lidija Lolic","og_description":"Blog post o nevremenu koje je zahvatilo Split 23.8.2014. Fotografije i video shelf oblaka i dvostruke duge iznad Splita.","og_url":"https:\/\/lidija-photo.com\/hr\/blog-hr\/dokumentarno\/nakon-kise-dolazi-sunce\/","og_site_name":"Lidija Loli\u0107 Photography","article_publisher":"https:\/\/www.facebook.com\/lolic.lidija","article_author":"https:\/\/www.facebook.com\/lolic.lidija","article_published_time":"2014-08-31T11:41:22+00:00","article_modified_time":"2020-03-03T02:44:25+00:00","og_image":[{"width":800,"height":447,"url":"https:\/\/lidija-photo.com\/wp-content\/uploads\/2014\/08\/panorama-grada-splita-060-featured.jpg","type":"image\/jpeg"}],"author":"Lidija","twitter_card":"summary_large_image","twitter_misc":{"Napisao\/la":"Lidija","Procijenjeno vrijeme \u010ditanja":"5 minutes"},"schema":{"@context":"https:\/\/schema.org","@graph":[{"@type":"Article","@id":"https:\/\/lidija-photo.com\/hr\/blog-hr\/dokumentarno\/nakon-kise-dolazi-sunce\/#article","isPartOf":{"@id":"https:\/\/lidija-photo.com\/hr\/blog-hr\/dokumentarno\/nakon-kise-dolazi-sunce\/"},"author":{"name":"Lidija","@id":"https:\/\/lidija-photo.com\/hr\/#\/schema\/person\/6c1b078b6fb2a3c266ad393ead6da313"},"headline":"Nakon ki\u0161e dolazi sunce","datePublished":"2014-08-31T11:41:22+00:00","dateModified":"2020-03-03T02:44:25+00:00","mainEntityOfPage":{"@id":"https:\/\/lidija-photo.com\/hr\/blog-hr\/dokumentarno\/nakon-kise-dolazi-sunce\/"},"wordCount":1031,"commentCount":0,"publisher":{"@id":"https:\/\/lidija-photo.com\/hr\/#\/schema\/person\/6c1b078b6fb2a3c266ad393ead6da313"},"image":{"@id":"https:\/\/lidija-photo.com\/hr\/blog-hr\/dokumentarno\/nakon-kise-dolazi-sunce\/#primaryimage"},"thumbnailUrl":"https:\/\/lidija-photo.com\/wp-content\/uploads\/2014\/08\/panorama-grada-splita-060-featured.jpg","keywords":["Hrvatska","Meteo","Split"],"articleSection":["Dokumentarno"],"inLanguage":"hr","potentialAction":[{"@type":"CommentAction","name":"Comment","target":["https:\/\/lidija-photo.com\/hr\/blog-hr\/dokumentarno\/nakon-kise-dolazi-sunce\/#respond"]}]},{"@type":"WebPage","@id":"https:\/\/lidija-photo.com\/hr\/blog-hr\/dokumentarno\/nakon-kise-dolazi-sunce\/","url":"https:\/\/lidija-photo.com\/hr\/blog-hr\/dokumentarno\/nakon-kise-dolazi-sunce\/","name":"Nakon ki\u0161e dolazi sunce - nevrijeme u Splitu | Blog | Lidija Lolic","isPartOf":{"@id":"https:\/\/lidija-photo.com\/hr\/#website"},"primaryImageOfPage":{"@id":"https:\/\/lidija-photo.com\/hr\/blog-hr\/dokumentarno\/nakon-kise-dolazi-sunce\/#primaryimage"},"image":{"@id":"https:\/\/lidija-photo.com\/hr\/blog-hr\/dokumentarno\/nakon-kise-dolazi-sunce\/#primaryimage"},"thumbnailUrl":"https:\/\/lidija-photo.com\/wp-content\/uploads\/2014\/08\/panorama-grada-splita-060-featured.jpg","datePublished":"2014-08-31T11:41:22+00:00","dateModified":"2020-03-03T02:44:25+00:00","description":"Blog post o nevremenu koje je zahvatilo Split 23.8.2014. Fotografije i video shelf oblaka i dvostruke duge iznad Splita.","breadcrumb":{"@id":"https:\/\/lidija-photo.com\/hr\/blog-hr\/dokumentarno\/nakon-kise-dolazi-sunce\/#breadcrumb"},"inLanguage":"hr","potentialAction":[{"@type":"ReadAction","target":["https:\/\/lidija-photo.com\/hr\/blog-hr\/dokumentarno\/nakon-kise-dolazi-sunce\/"]}]},{"@type":"ImageObject","inLanguage":"hr","@id":"https:\/\/lidija-photo.com\/hr\/blog-hr\/dokumentarno\/nakon-kise-dolazi-sunce\/#primaryimage","url":"https:\/\/lidija-photo.com\/wp-content\/uploads\/2014\/08\/panorama-grada-splita-060-featured.jpg","contentUrl":"https:\/\/lidija-photo.com\/wp-content\/uploads\/2014\/08\/panorama-grada-splita-060-featured.jpg","width":800,"height":447,"caption":"A stunning rainbow appears after rain over the city and river, symbolizing hope and new beginnings."},{"@type":"BreadcrumbList","@id":"https:\/\/lidija-photo.com\/hr\/blog-hr\/dokumentarno\/nakon-kise-dolazi-sunce\/#breadcrumb","itemListElement":[{"@type":"ListItem","position":1,"name":"Home","item":"https:\/\/lidija-photo.com\/hr\/"},{"@type":"ListItem","position":2,"name":"Blog","item":"https:\/\/lidija-photo.com\/hr\/blog-hr\/"},{"@type":"ListItem","position":3,"name":"Dokumentarno","item":"https:\/\/lidija-photo.com\/hr\/blog-hr\/dokumentarno\/"},{"@type":"ListItem","position":4,"name":"Nakon ki\u0161e dolazi sunce"}]},{"@type":"WebSite","@id":"https:\/\/lidija-photo.com\/hr\/#website","url":"https:\/\/lidija-photo.com\/hr\/","name":"Lidija Loli\u0107 Photography","description":"","publisher":{"@id":"https:\/\/lidija-photo.com\/hr\/#\/schema\/person\/6c1b078b6fb2a3c266ad393ead6da313"},"alternateName":"Lidija Lolic Photography","potentialAction":[{"@type":"SearchAction","target":{"@type":"EntryPoint","urlTemplate":"https:\/\/lidija-photo.com\/hr\/?s={search_term_string}"},"query-input":{"@type":"PropertyValueSpecification","valueRequired":true,"valueName":"search_term_string"}}],"inLanguage":"hr"},{"@type":["Person","Organization"],"@id":"https:\/\/lidija-photo.com\/hr\/#\/schema\/person\/6c1b078b6fb2a3c266ad393ead6da313","name":"Lidija","image":{"@type":"ImageObject","inLanguage":"hr","@id":"https:\/\/lidija-photo.com\/wp-content\/uploads\/2018\/01\/lidija-lolic-logo-580px-en.png","url":"https:\/\/lidija-photo.com\/wp-content\/uploads\/2018\/01\/lidija-lolic-logo-580px-en.png","contentUrl":"https:\/\/lidija-photo.com\/wp-content\/uploads\/2018\/01\/lidija-lolic-logo-580px-en.png","width":580,"height":138,"caption":"Lidija"},"logo":{"@id":"https:\/\/lidija-photo.com\/wp-content\/uploads\/2018\/01\/lidija-lolic-logo-580px-en.png"},"sameAs":["http:\/\/lidija-photo.com","https:\/\/www.facebook.com\/lolic.lidija","https:\/\/www.instagram.com\/lidijalolic_photography\/"]}]}},"_links":{"self":[{"href":"https:\/\/lidija-photo.com\/hr\/wp-json\/wp\/v2\/posts\/8983","targetHints":{"allow":["GET"]}}],"collection":[{"href":"https:\/\/lidija-photo.com\/hr\/wp-json\/wp\/v2\/posts"}],"about":[{"href":"https:\/\/lidija-photo.com\/hr\/wp-json\/wp\/v2\/types\/post"}],"author":[{"embeddable":true,"href":"https:\/\/lidija-photo.com\/hr\/wp-json\/wp\/v2\/users\/1"}],"replies":[{"embeddable":true,"href":"https:\/\/lidija-photo.com\/hr\/wp-json\/wp\/v2\/comments?post=8983"}],"version-history":[{"count":4,"href":"https:\/\/lidija-photo.com\/hr\/wp-json\/wp\/v2\/posts\/8983\/revisions"}],"predecessor-version":[{"id":42962,"href":"https:\/\/lidija-photo.com\/hr\/wp-json\/wp\/v2\/posts\/8983\/revisions\/42962"}],"wp:featuredmedia":[{"embeddable":true,"href":"https:\/\/lidija-photo.com\/hr\/wp-json\/wp\/v2\/media\/38691"}],"wp:attachment":[{"href":"https:\/\/lidija-photo.com\/hr\/wp-json\/wp\/v2\/media?parent=8983"}],"wp:term":[{"taxonomy":"category","embeddable":true,"href":"https:\/\/lidija-photo.com\/hr\/wp-json\/wp\/v2\/categories?post=8983"},{"taxonomy":"post_tag","embeddable":true,"href":"https:\/\/lidija-photo.com\/hr\/wp-json\/wp\/v2\/tags?post=8983"}],"curies":[{"name":"wp","href":"https:\/\/api.w.org\/{rel}","templated":true}]}}