{"id":879,"date":"2011-11-15T14:46:07","date_gmt":"2011-11-15T13:46:07","guid":{"rendered":"https:\/\/lidija-photo.com\/university-campus-on-a-sunday-afternnon-2\/"},"modified":"2020-03-03T02:23:03","modified_gmt":"2020-03-03T01:23:03","slug":"sveucilisni-kampus-split-arhitektura-ulice","status":"publish","type":"post","link":"https:\/\/lidija-photo.com\/hr\/blog-hr\/arhitektura\/sveucilisni-kampus-split-arhitektura-ulice\/","title":{"rendered":"Sveu\u010dili\u0161ni kampus u Splitu: arhitektura i ulice"},"content":{"rendered":"<p><div class=\"fusion-fullwidth fullwidth-box fusion-builder-row-1 fusion-flex-container nonhundred-percent-fullwidth non-hundred-percent-height-scrolling\" style=\"--awb-border-radius-top-left:0px;--awb-border-radius-top-right:0px;--awb-border-radius-bottom-right:0px;--awb-border-radius-bottom-left:0px;--awb-background-color:rgba(36,36,36,0);--awb-flex-wrap:wrap;\" ><div class=\"fusion-builder-row fusion-row fusion-flex-align-items-flex-start fusion-flex-content-wrap\" style=\"max-width:calc( 1440px + 0px );margin-left: calc(-0px \/ 2 );margin-right: calc(-0px \/ 2 );\"><div class=\"fusion-layout-column fusion_builder_column fusion-builder-column-0 fusion_builder_column_1_1 1_1 fusion-flex-column\" style=\"--awb-bg-size:cover;--awb-width-large:100%;--awb-margin-top-large:0px;--awb-spacing-right-large:0px;--awb-margin-bottom-large:20px;--awb-spacing-left-large:0px;--awb-width-medium:100%;--awb-spacing-right-medium:0px;--awb-spacing-left-medium:0px;--awb-width-small:100%;--awb-spacing-right-small:0px;--awb-spacing-left-small:0px;\"><div class=\"fusion-column-wrapper fusion-column-has-shadow fusion-flex-justify-content-flex-start fusion-content-layout-column\"><nav class=\"fusion-breadcrumbs awb-yoast-breadcrumbs fusion-breadcrumbs-1\" style=\"--awb-margin-bottom:50px;--awb-alignment:left;--awb-text-hover-color:#ffe1b5;--awb-text-color:#dddddd;--awb-breadcrumb-sep:&#039;|&#039;;text-align:left;\" aria-label=\"Breadcrumb\"><ol class=\"awb-breadcrumb-list\"><li class=\"fusion-breadcrumb-item\"  aria-hidden=\"true\"><span  class=\"fusion-breadcrumb-prefix\">Gdje sam:<\/span><\/li><li class=\"fusion-breadcrumb-item awb-breadcrumb-sep awb-home\" ><a href=\"https:\/\/lidija-photo.com\/hr\/\" class=\"fusion-breadcrumb-link\"><span >Home<\/span><\/a><\/li><\/ol><\/nav><\/div><\/div><\/div><\/div><div class=\"fusion-fullwidth fullwidth-box fusion-builder-row-2 fusion-flex-container nonhundred-percent-fullwidth non-hundred-percent-height-scrolling\" style=\"--awb-border-radius-top-left:0px;--awb-border-radius-top-right:0px;--awb-border-radius-bottom-right:0px;--awb-border-radius-bottom-left:0px;--awb-background-color:rgba(36,36,36,0);--awb-flex-wrap:wrap;\" ><div class=\"fusion-builder-row fusion-row fusion-flex-align-items-flex-start fusion-flex-content-wrap\" style=\"max-width:calc( 1440px + 0px );margin-left: calc(-0px \/ 2 );margin-right: calc(-0px \/ 2 );\"><div class=\"fusion-layout-column fusion_builder_column fusion-builder-column-1 fusion_builder_column_1_1 1_1 fusion-flex-column\" style=\"--awb-bg-size:cover;--awb-width-large:100%;--awb-margin-top-large:0px;--awb-spacing-right-large:0px;--awb-margin-bottom-large:0px;--awb-spacing-left-large:0px;--awb-width-medium:100%;--awb-spacing-right-medium:0px;--awb-spacing-left-medium:0px;--awb-width-small:100%;--awb-spacing-right-small:0px;--awb-spacing-left-small:0px;\"><div class=\"fusion-column-wrapper fusion-flex-justify-content-flex-start fusion-content-layout-column\"><div class=\"fusion-title title fusion-title-1 fusion-sep-none fusion-title-center fusion-title-text fusion-title-size-one\" style=\"--awb-margin-top-small:0px;--awb-margin-right-small:0px;--awb-margin-bottom-small:20px;--awb-margin-left-small:0px;\"><h1 class=\"fusion-title-heading title-heading-center fusion-responsive-typography-calculated\" style=\"margin:0;--fontSize:45;line-height:1.6;\">Sveu\u010dili\u0161ni kampus u Splitu: arhitektura i ulice<\/h1><\/div><div class=\"fusion-text fusion-text-1\"><p>Moderni sveu\u010dili\u0161ni kampus u Splitu u nedjeljno popodne prili\u010dno je napu\u0161teno mjesto. Nema one uobi\u010dajene gu\u017eve, \u017eurbe, studenata koji \u017eure na predavanja ili ispite. Totalni izostanak bilo kakve aktivnosti \u010dini ga idealnim mjestom za <a href=\"https:\/\/lidija-photo.com\/hr\/fotografije-interijera-arhitekture-portfolio\/\">fotografije arhitekture<\/a> jer se mo\u017ee uokolo \u0161etati bez smetnje i bez da me itko krivo gleda.&nbsp;&nbsp;<\/p>\n<p>Proteklih godina to je bilo jedno veliko gradili\u0161te. Ni\u010du nove zgrade kao gljive poslije ki\u0161e, stare se obnavljaju i nadogra\u0111uju i sve skupa sada izgleda kao velika <a href=\"https:\/\/lidija-photo.com\/hr\/blog\/bec-linije-oblici-dijagonale\/\">arhitektonska<\/a> izlo\u017eba. Planirala sam ovu seriju fotografija dugo vremena, ali nikako oti\u0107i tamo. I ba\u0161 sam bila uzbu\u0111ena jer me zanimalo kako \u0107e to na kraju izgledati.<\/p>\n<p>Do\u0161la sam u kasno nedjeljno poslijepodne, sunce je ve\u0107 bilo vrlo nisko i svjetlo je, osim za slikavanje zgrada,&nbsp; bilo idealno za malo igre svjetla i sjene.<\/p>\n<p><a id=\"\" class=\"\" title=\"\" href=\"https:\/\/lidija-photo.com\/fotografije\/blog\/2011\/na-kampusu\/sveucilisni-kampus-split-1.jpg\" rel=\"lightbox&#091;&#093;\"><img decoding=\"async\" class=\"ngg-singlepic ngg-center\" src=\"https:\/\/lidija-photo.com\/fotografije\/blog\/2011\/na-kampusu\/thumbs\/thumbs_sveucilisni-kampus-split-1.jpg\" alt=\"Sveucilisni kampus u Splitu - arhitektura (1)\"><\/a><\/p>\n<p><a title=\"\" href=\"https:\/\/lidija-photo.com\/fotografije\/blog\/2011\/na-kampusu\/sveucilisni-kampus-split-2.jpg\" rel=\"lightbox&#091;&#093;\"><img decoding=\"async\" class=\"ngg-singlepic ngg-center\" src=\"https:\/\/lidija-photo.com\/fotografije\/blog\/2011\/na-kampusu\/thumbs\/thumbs_sveucilisni-kampus-split-2.jpg\" alt=\"Sveucilisni kampus u Splitu - arhitektura (2)\"><\/a><\/p>\n<p>Ovakva mjesta su mi uvijek inspiracija. Nove moderne zgrade sa minimalisti\u010dkim detaljima, razni geometrijska tijela i teksture. Volim takvu polu-apstraktnu fotografiju arhitekture. Evo slike koja se zove Ying Yang.<\/p>\n<p><a title=\"\" href=\"https:\/\/lidija-photo.com\/fotografije\/blog\/2011\/na-kampusu\/sveucilisni-kampus-split-4.jpg\" rel=\"lightbox&#091;&#093;\"><img decoding=\"async\" class=\"ngg-singlepic ngg-center\" src=\"https:\/\/lidija-photo.com\/fotografije\/blog\/2011\/na-kampusu\/thumbs\/thumbs_sveucilisni-kampus-split-4.jpg\" alt=\"Sveucilisni kampus u Splitu - arhitektura (4)\"><\/a><\/p>\n<p>Ova nadzorna kamera me podsjetila na E.T.-ja.<\/p>\n<p><a title=\"\" href=\"https:\/\/lidija-photo.com\/fotografije\/blog\/2011\/na-kampusu\/sveucilisni-kampus-split-8.jpg\" rel=\"lightbox&#091;&#093;\"><img decoding=\"async\" class=\"ngg-singlepic ngg-center\" src=\"https:\/\/lidija-photo.com\/fotografije\/blog\/2011\/na-kampusu\/thumbs\/thumbs_sveucilisni-kampus-split-8.jpg\" alt=\"Sveucilisni kampus u Splitu - arhitektura (8)\"><\/a><\/p>\n<p><a title=\"\" href=\"https:\/\/lidija-photo.com\/fotografije\/blog\/2011\/na-kampusu\/sveucilisni-kampus-split-6.jpg\" rel=\"lightbox&#091;&#093;\"><img decoding=\"async\" class=\"ngg-singlepic ngg-center\" src=\"https:\/\/lidija-photo.com\/fotografije\/blog\/2011\/na-kampusu\/thumbs\/thumbs_sveucilisni-kampus-split-6.jpg\" alt=\"Sveucilisni kampus u Splitu - arhitektura (6)\"><\/a><\/p>\n<p>Refleksija starih stambenih stgara u novom zdanju sveu\u010dili\u0161ne biblioteke.<\/p>\n<p><a title=\"\" href=\"https:\/\/lidija-photo.com\/fotografije\/blog\/2011\/na-kampusu\/sveucilisni-kampus-split-3.jpg\" rel=\"lightbox&#091;&#093;\"><img decoding=\"async\" class=\"ngg-singlepic ngg-center\" src=\"https:\/\/lidija-photo.com\/fotografije\/blog\/2011\/na-kampusu\/thumbs\/thumbs_sveucilisni-kampus-split-3.jpg\" alt=\"Sveucilisni kampus u Splitu - arhitektura (3)\"><\/a><\/p>\n<p><a title=\"\" href=\"https:\/\/lidija-photo.com\/fotografije\/blog\/2011\/na-kampusu\/sveucilisni-kampus-split-11.jpg\" rel=\"lightbox&#091;&#093;\"><img decoding=\"async\" class=\"ngg-singlepic ngg-center\" src=\"https:\/\/lidija-photo.com\/fotografije\/blog\/2011\/na-kampusu\/thumbs\/thumbs_sveucilisni-kampus-split-11.jpg\" alt=\"Sveucilisni kampus u Splitu - arhitektura (11)\"><\/a><\/p>\n<p><a title=\"\" href=\"https:\/\/lidija-photo.com\/fotografije\/blog\/2011\/na-kampusu\/sveucilisni-kampus-split-5.jpg\" rel=\"lightbox&#091;&#093;\"><img decoding=\"async\" class=\"ngg-singlepic ngg-center\" src=\"https:\/\/lidija-photo.com\/fotografije\/blog\/2011\/na-kampusu\/thumbs\/thumbs_sveucilisni-kampus-split-5.jpg\" alt=\"Sveucilisni kampus u Splitu - arhitektura (5)\"><\/a><\/p>\n<p><a title=\"\" href=\"https:\/\/lidija-photo.com\/fotografije\/blog\/2011\/na-kampusu\/sveucilisni-kampus-split-7.jpg\" rel=\"lightbox&#091;&#093;\"><img decoding=\"async\" class=\"ngg-singlepic ngg-center\" src=\"https:\/\/lidija-photo.com\/fotografije\/blog\/2011\/na-kampusu\/thumbs\/thumbs_sveucilisni-kampus-split-7.jpg\" alt=\"Sveucilisni kampus u Splitu - arhitektura (7)\"><\/a><\/p>\n<p><a title=\"\" href=\"https:\/\/lidija-photo.com\/fotografije\/blog\/2011\/na-kampusu\/sveucilisni-kampus-split-10.jpg\" rel=\"lightbox&#091;&#093;\"><img decoding=\"async\" class=\"ngg-singlepic ngg-center\" src=\"https:\/\/lidija-photo.com\/fotografije\/blog\/2011\/na-kampusu\/thumbs\/thumbs_sveucilisni-kampus-split-10.jpg\" alt=\"Sveucilisni kampus u Splitu - arhitektura (10)\"><\/a><\/p>\n<p><a title=\"\" href=\"https:\/\/lidija-photo.com\/fotografije\/blog\/2011\/na-kampusu\/sveucilisni-kampus-split-12.jpg\" rel=\"lightbox&#091;&#093;\"><img decoding=\"async\" class=\"ngg-singlepic ngg-center\" src=\"https:\/\/lidija-photo.com\/fotografije\/blog\/2011\/na-kampusu\/thumbs\/thumbs_sveucilisni-kampus-split-12.jpg\" alt=\"Sveucilisni kampus u Splitu - arhitektura (12)\"><\/a><\/p>\n<p><a title=\"\" href=\"https:\/\/lidija-photo.com\/fotografije\/blog\/2011\/na-kampusu\/sveucilisni-kampus-split-9.jpg\" rel=\"lightbox&#091;&#093;\"><img decoding=\"async\" class=\"ngg-singlepic ngg-center\" src=\"https:\/\/lidija-photo.com\/fotografije\/blog\/2011\/na-kampusu\/thumbs\/thumbs_sveucilisni-kampus-split-9.jpg\" alt=\"Sveucilisni kampus u Splitu - arhitektura (9)\"><\/a><\/p>\n<p>Sve u svemu, mjesto je stvarno zanimljivo i definitivno \u0107u se jo\u0161 jednom vratiti kad se zavr\u0161e zgrade koje su trenutno u fazi dovr\u0161etka.<\/p>\n<p>Malo prije nego je palo sunce, premjestila sam se na pje\u0161a\u010dki most vidjeti ima li i na ulicama koji zanimljiv motiv.<\/p>\n<p><a title=\"\" href=\"https:\/\/lidija-photo.com\/fotografije\/blog\/2011\/na-kampusu\/sveucilisni-kampus-split-13.jpg\" rel=\"lightbox&#091;&#093;\"><img decoding=\"async\" class=\"ngg-singlepic ngg-center\" src=\"https:\/\/lidija-photo.com\/fotografije\/blog\/2011\/na-kampusu\/thumbs\/thumbs_sveucilisni-kampus-split-13.jpg\" alt=\"Sveucilisni kampus u Splitu - arhitektura (13)\"><\/a><\/p>\n<p>Evo i malo dugie ekspozicije prometa.<\/p>\n<p><a title=\"\" href=\"https:\/\/lidija-photo.com\/fotografije\/blog\/2011\/na-kampusu\/sveucilisni-kampus-split-14.jpg\" rel=\"lightbox&#091;&#093;\"><img decoding=\"async\" class=\"ngg-singlepic ngg-center\" src=\"https:\/\/lidija-photo.com\/fotografije\/blog\/2011\/na-kampusu\/thumbs\/thumbs_sveucilisni-kampus-split-14.jpg\" alt=\"Sveucilisni kampus u Splitu - arhitektura (14)\"><\/a><\/p>\n<p>Most koji povezuje kampus sa Splitom 3.<\/p>\n<p><a title=\"\" href=\"https:\/\/lidija-photo.com\/fotografije\/blog\/2011\/na-kampusu\/sveucilisni-kampus-split-15.jpg\" rel=\"lightbox&#091;&#093;\"><img decoding=\"async\" class=\"ngg-singlepic ngg-center\" src=\"https:\/\/lidija-photo.com\/fotografije\/blog\/2011\/na-kampusu\/thumbs\/thumbs_sveucilisni-kampus-split-15.jpg\" alt=\"Sveucilisni kampus u Splitu - arhitektura (15)\"><\/a><\/p>\n<\/div><div class=\"fusion-separator fusion-full-width-sep\" style=\"align-self: center;margin-left: auto;margin-right: auto;margin-top:50px;margin-bottom:40px;width:100%;\"><div class=\"fusion-separator-border sep-shadow\" style=\"--awb-height:20px;--awb-amount:20px;--awb-sep-color:#ffffff;background:radial-gradient(ellipse at 50% -50% , #ffffff 0px, rgba(255, 255, 255, 0) 80%) repeat scroll 0 0 rgba(0, 0, 0, 0);background:-webkit-radial-gradient(ellipse at 50% -50% , #ffffff 0px, rgba(255, 255, 255, 0) 80%) repeat scroll 0 0 rgba(0, 0, 0, 0);background:-moz-radial-gradient(ellipse at 50% -50% , #ffffff 0px, rgba(255, 255, 255, 0) 80%) repeat scroll 0 0 rgba(0, 0, 0, 0);background:-o-radial-gradient(ellipse at 50% -50% , #ffffff 0px, rgba(255, 255, 255, 0) 80%) repeat scroll 0 0 rgba(0, 0, 0, 0);\"><\/div><\/div><\/div><\/div><\/div><\/div><\/p>\n","protected":false},"excerpt":{"rendered":"","protected":false},"author":1,"featured_media":38947,"comment_status":"open","ping_status":"open","sticky":false,"template":"","format":"standard","meta":{"ngg_post_thumbnail":0,"footnotes":""},"categories":[3128,2999],"tags":[2989,2994],"class_list":["post-879","post","type-post","status-publish","format-standard","has-post-thumbnail","hentry","category-arhitektura","category-dokumentarno","tag-grad-split","tag-ulicne"],"yoast_head":"<!-- This site is optimized with the Yoast SEO plugin v27.4 - https:\/\/yoast.com\/product\/yoast-seo-wordpress\/ -->\n<title>Sveu\u010dili\u0161ni kampus u Splitu: arhitektura i ulice | Blog | Lidija Lolic<\/title>\n<meta name=\"description\" content=\"Kolekcija arhitektonskih fotografija napravljenih na sveu\u010dili\u0161nom kampusu u Splitu. Detalji arhitekture, uli\u010dna fotografija i zgrade.\" \/>\n<meta name=\"robots\" content=\"index, follow, max-snippet:-1, max-image-preview:large, max-video-preview:-1\" \/>\n<link rel=\"canonical\" href=\"https:\/\/lidija-photo.com\/hr\/blog-hr\/arhitektura\/sveucilisni-kampus-split-arhitektura-ulice\/\" \/>\n<meta property=\"og:locale\" content=\"hr_HR\" \/>\n<meta property=\"og:type\" content=\"article\" \/>\n<meta property=\"og:title\" content=\"Sveu\u010dili\u0161ni kampus u Splitu: arhitektura i ulice | Blog | Lidija Lolic\" \/>\n<meta property=\"og:description\" content=\"Kolekcija arhitektonskih fotografija napravljenih na sveu\u010dili\u0161nom kampusu u Splitu. Detalji arhitekture, uli\u010dna fotografija i zgrade.\" \/>\n<meta property=\"og:url\" content=\"https:\/\/lidija-photo.com\/hr\/blog-hr\/arhitektura\/sveucilisni-kampus-split-arhitektura-ulice\/\" \/>\n<meta property=\"og:site_name\" content=\"Lidija Loli\u0107 Photography\" \/>\n<meta property=\"article:publisher\" content=\"https:\/\/www.facebook.com\/lolic.lidija\" \/>\n<meta property=\"article:author\" content=\"https:\/\/www.facebook.com\/lolic.lidija\" \/>\n<meta property=\"article:published_time\" content=\"2011-11-15T13:46:07+00:00\" \/>\n<meta property=\"article:modified_time\" content=\"2020-03-03T01:23:03+00:00\" \/>\n<meta property=\"og:image\" content=\"https:\/\/lidija-photo.com\/wp-content\/uploads\/2011\/11\/fotografije-arhitekture-092-featured.jpg\" \/>\n\t<meta property=\"og:image:width\" content=\"800\" \/>\n\t<meta property=\"og:image:height\" content=\"533\" \/>\n\t<meta property=\"og:image:type\" content=\"image\/jpeg\" \/>\n<meta name=\"author\" content=\"Lidija\" \/>\n<meta name=\"twitter:card\" content=\"summary_large_image\" \/>\n<meta name=\"twitter:label1\" content=\"Napisao\/la\" \/>\n\t<meta name=\"twitter:data1\" content=\"Lidija\" \/>\n\t<meta name=\"twitter:label2\" content=\"Procijenjeno vrijeme \u010ditanja\" \/>\n\t<meta name=\"twitter:data2\" content=\"5 minutes\" \/>\n<script type=\"application\/ld+json\" class=\"yoast-schema-graph\">{\"@context\":\"https:\\\/\\\/schema.org\",\"@graph\":[{\"@type\":\"Article\",\"@id\":\"https:\\\/\\\/lidija-photo.com\\\/hr\\\/blog-hr\\\/arhitektura\\\/sveucilisni-kampus-split-arhitektura-ulice\\\/#article\",\"isPartOf\":{\"@id\":\"https:\\\/\\\/lidija-photo.com\\\/hr\\\/blog-hr\\\/arhitektura\\\/sveucilisni-kampus-split-arhitektura-ulice\\\/\"},\"author\":{\"name\":\"Lidija\",\"@id\":\"https:\\\/\\\/lidija-photo.com\\\/hr\\\/#\\\/schema\\\/person\\\/6c1b078b6fb2a3c266ad393ead6da313\"},\"headline\":\"Sveu\u010dili\u0161ni kampus u Splitu: arhitektura i ulice\",\"datePublished\":\"2011-11-15T13:46:07+00:00\",\"dateModified\":\"2020-03-03T01:23:03+00:00\",\"mainEntityOfPage\":{\"@id\":\"https:\\\/\\\/lidija-photo.com\\\/hr\\\/blog-hr\\\/arhitektura\\\/sveucilisni-kampus-split-arhitektura-ulice\\\/\"},\"wordCount\":1096,\"commentCount\":0,\"publisher\":{\"@id\":\"https:\\\/\\\/lidija-photo.com\\\/hr\\\/#\\\/schema\\\/person\\\/6c1b078b6fb2a3c266ad393ead6da313\"},\"image\":{\"@id\":\"https:\\\/\\\/lidija-photo.com\\\/hr\\\/blog-hr\\\/arhitektura\\\/sveucilisni-kampus-split-arhitektura-ulice\\\/#primaryimage\"},\"thumbnailUrl\":\"https:\\\/\\\/lidija-photo.com\\\/wp-content\\\/uploads\\\/2011\\\/11\\\/fotografije-arhitekture-092-featured.jpg\",\"keywords\":[\"Split\",\"Uli\u010dne\"],\"articleSection\":[\"Arhitektura\",\"Dokumentarno\"],\"inLanguage\":\"hr\",\"potentialAction\":[{\"@type\":\"CommentAction\",\"name\":\"Comment\",\"target\":[\"https:\\\/\\\/lidija-photo.com\\\/hr\\\/blog-hr\\\/arhitektura\\\/sveucilisni-kampus-split-arhitektura-ulice\\\/#respond\"]}]},{\"@type\":\"WebPage\",\"@id\":\"https:\\\/\\\/lidija-photo.com\\\/hr\\\/blog-hr\\\/arhitektura\\\/sveucilisni-kampus-split-arhitektura-ulice\\\/\",\"url\":\"https:\\\/\\\/lidija-photo.com\\\/hr\\\/blog-hr\\\/arhitektura\\\/sveucilisni-kampus-split-arhitektura-ulice\\\/\",\"name\":\"Sveu\u010dili\u0161ni kampus u Splitu: arhitektura i ulice | Blog | Lidija Lolic\",\"isPartOf\":{\"@id\":\"https:\\\/\\\/lidija-photo.com\\\/hr\\\/#website\"},\"primaryImageOfPage\":{\"@id\":\"https:\\\/\\\/lidija-photo.com\\\/hr\\\/blog-hr\\\/arhitektura\\\/sveucilisni-kampus-split-arhitektura-ulice\\\/#primaryimage\"},\"image\":{\"@id\":\"https:\\\/\\\/lidija-photo.com\\\/hr\\\/blog-hr\\\/arhitektura\\\/sveucilisni-kampus-split-arhitektura-ulice\\\/#primaryimage\"},\"thumbnailUrl\":\"https:\\\/\\\/lidija-photo.com\\\/wp-content\\\/uploads\\\/2011\\\/11\\\/fotografije-arhitekture-092-featured.jpg\",\"datePublished\":\"2011-11-15T13:46:07+00:00\",\"dateModified\":\"2020-03-03T01:23:03+00:00\",\"description\":\"Kolekcija arhitektonskih fotografija napravljenih na sveu\u010dili\u0161nom kampusu u Splitu. Detalji arhitekture, uli\u010dna fotografija i zgrade.\",\"breadcrumb\":{\"@id\":\"https:\\\/\\\/lidija-photo.com\\\/hr\\\/blog-hr\\\/arhitektura\\\/sveucilisni-kampus-split-arhitektura-ulice\\\/#breadcrumb\"},\"inLanguage\":\"hr\",\"potentialAction\":[{\"@type\":\"ReadAction\",\"target\":[\"https:\\\/\\\/lidija-photo.com\\\/hr\\\/blog-hr\\\/arhitektura\\\/sveucilisni-kampus-split-arhitektura-ulice\\\/\"]}]},{\"@type\":\"ImageObject\",\"inLanguage\":\"hr\",\"@id\":\"https:\\\/\\\/lidija-photo.com\\\/hr\\\/blog-hr\\\/arhitektura\\\/sveucilisni-kampus-split-arhitektura-ulice\\\/#primaryimage\",\"url\":\"https:\\\/\\\/lidija-photo.com\\\/wp-content\\\/uploads\\\/2011\\\/11\\\/fotografije-arhitekture-092-featured.jpg\",\"contentUrl\":\"https:\\\/\\\/lidija-photo.com\\\/wp-content\\\/uploads\\\/2011\\\/11\\\/fotografije-arhitekture-092-featured.jpg\",\"width\":800,\"height\":533,\"caption\":\"fotografije-arhitekture\"},{\"@type\":\"BreadcrumbList\",\"@id\":\"https:\\\/\\\/lidija-photo.com\\\/hr\\\/blog-hr\\\/arhitektura\\\/sveucilisni-kampus-split-arhitektura-ulice\\\/#breadcrumb\",\"itemListElement\":[{\"@type\":\"ListItem\",\"position\":1,\"name\":\"Home\",\"item\":\"https:\\\/\\\/lidija-photo.com\\\/hr\\\/\"},{\"@type\":\"ListItem\",\"position\":2,\"name\":\"Blog\",\"item\":\"https:\\\/\\\/lidija-photo.com\\\/hr\\\/blog-hr\\\/\"},{\"@type\":\"ListItem\",\"position\":3,\"name\":\"Arhitektura\",\"item\":\"https:\\\/\\\/lidija-photo.com\\\/hr\\\/blog-hr\\\/arhitektura\\\/\"},{\"@type\":\"ListItem\",\"position\":4,\"name\":\"Sveu\u010dili\u0161ni kampus u Splitu: arhitektura i ulice\"}]},{\"@type\":\"WebSite\",\"@id\":\"https:\\\/\\\/lidija-photo.com\\\/hr\\\/#website\",\"url\":\"https:\\\/\\\/lidija-photo.com\\\/hr\\\/\",\"name\":\"Lidija Loli\u0107 Photography\",\"description\":\"\",\"publisher\":{\"@id\":\"https:\\\/\\\/lidija-photo.com\\\/hr\\\/#\\\/schema\\\/person\\\/6c1b078b6fb2a3c266ad393ead6da313\"},\"alternateName\":\"Lidija Lolic Photography\",\"potentialAction\":[{\"@type\":\"SearchAction\",\"target\":{\"@type\":\"EntryPoint\",\"urlTemplate\":\"https:\\\/\\\/lidija-photo.com\\\/hr\\\/?s={search_term_string}\"},\"query-input\":{\"@type\":\"PropertyValueSpecification\",\"valueRequired\":true,\"valueName\":\"search_term_string\"}}],\"inLanguage\":\"hr\"},{\"@type\":[\"Person\",\"Organization\"],\"@id\":\"https:\\\/\\\/lidija-photo.com\\\/hr\\\/#\\\/schema\\\/person\\\/6c1b078b6fb2a3c266ad393ead6da313\",\"name\":\"Lidija\",\"image\":{\"@type\":\"ImageObject\",\"inLanguage\":\"hr\",\"@id\":\"https:\\\/\\\/lidija-photo.com\\\/wp-content\\\/uploads\\\/2018\\\/01\\\/lidija-lolic-logo-580px-en.png\",\"url\":\"https:\\\/\\\/lidija-photo.com\\\/wp-content\\\/uploads\\\/2018\\\/01\\\/lidija-lolic-logo-580px-en.png\",\"contentUrl\":\"https:\\\/\\\/lidija-photo.com\\\/wp-content\\\/uploads\\\/2018\\\/01\\\/lidija-lolic-logo-580px-en.png\",\"width\":580,\"height\":138,\"caption\":\"Lidija\"},\"logo\":{\"@id\":\"https:\\\/\\\/lidija-photo.com\\\/wp-content\\\/uploads\\\/2018\\\/01\\\/lidija-lolic-logo-580px-en.png\"},\"sameAs\":[\"http:\\\/\\\/lidija-photo.com\",\"https:\\\/\\\/www.facebook.com\\\/lolic.lidija\",\"https:\\\/\\\/www.instagram.com\\\/lidijalolic_photography\\\/\"]}]}<\/script>\n<!-- \/ Yoast SEO plugin. -->","yoast_head_json":{"title":"Sveu\u010dili\u0161ni kampus u Splitu: arhitektura i ulice | Blog | Lidija Lolic","description":"Kolekcija arhitektonskih fotografija napravljenih na sveu\u010dili\u0161nom kampusu u Splitu. Detalji arhitekture, uli\u010dna fotografija i zgrade.","robots":{"index":"index","follow":"follow","max-snippet":"max-snippet:-1","max-image-preview":"max-image-preview:large","max-video-preview":"max-video-preview:-1"},"canonical":"https:\/\/lidija-photo.com\/hr\/blog-hr\/arhitektura\/sveucilisni-kampus-split-arhitektura-ulice\/","og_locale":"hr_HR","og_type":"article","og_title":"Sveu\u010dili\u0161ni kampus u Splitu: arhitektura i ulice | Blog | Lidija Lolic","og_description":"Kolekcija arhitektonskih fotografija napravljenih na sveu\u010dili\u0161nom kampusu u Splitu. Detalji arhitekture, uli\u010dna fotografija i zgrade.","og_url":"https:\/\/lidija-photo.com\/hr\/blog-hr\/arhitektura\/sveucilisni-kampus-split-arhitektura-ulice\/","og_site_name":"Lidija Loli\u0107 Photography","article_publisher":"https:\/\/www.facebook.com\/lolic.lidija","article_author":"https:\/\/www.facebook.com\/lolic.lidija","article_published_time":"2011-11-15T13:46:07+00:00","article_modified_time":"2020-03-03T01:23:03+00:00","og_image":[{"width":800,"height":533,"url":"https:\/\/lidija-photo.com\/wp-content\/uploads\/2011\/11\/fotografije-arhitekture-092-featured.jpg","type":"image\/jpeg"}],"author":"Lidija","twitter_card":"summary_large_image","twitter_misc":{"Napisao\/la":"Lidija","Procijenjeno vrijeme \u010ditanja":"5 minutes"},"schema":{"@context":"https:\/\/schema.org","@graph":[{"@type":"Article","@id":"https:\/\/lidija-photo.com\/hr\/blog-hr\/arhitektura\/sveucilisni-kampus-split-arhitektura-ulice\/#article","isPartOf":{"@id":"https:\/\/lidija-photo.com\/hr\/blog-hr\/arhitektura\/sveucilisni-kampus-split-arhitektura-ulice\/"},"author":{"name":"Lidija","@id":"https:\/\/lidija-photo.com\/hr\/#\/schema\/person\/6c1b078b6fb2a3c266ad393ead6da313"},"headline":"Sveu\u010dili\u0161ni kampus u Splitu: arhitektura i ulice","datePublished":"2011-11-15T13:46:07+00:00","dateModified":"2020-03-03T01:23:03+00:00","mainEntityOfPage":{"@id":"https:\/\/lidija-photo.com\/hr\/blog-hr\/arhitektura\/sveucilisni-kampus-split-arhitektura-ulice\/"},"wordCount":1096,"commentCount":0,"publisher":{"@id":"https:\/\/lidija-photo.com\/hr\/#\/schema\/person\/6c1b078b6fb2a3c266ad393ead6da313"},"image":{"@id":"https:\/\/lidija-photo.com\/hr\/blog-hr\/arhitektura\/sveucilisni-kampus-split-arhitektura-ulice\/#primaryimage"},"thumbnailUrl":"https:\/\/lidija-photo.com\/wp-content\/uploads\/2011\/11\/fotografije-arhitekture-092-featured.jpg","keywords":["Split","Uli\u010dne"],"articleSection":["Arhitektura","Dokumentarno"],"inLanguage":"hr","potentialAction":[{"@type":"CommentAction","name":"Comment","target":["https:\/\/lidija-photo.com\/hr\/blog-hr\/arhitektura\/sveucilisni-kampus-split-arhitektura-ulice\/#respond"]}]},{"@type":"WebPage","@id":"https:\/\/lidija-photo.com\/hr\/blog-hr\/arhitektura\/sveucilisni-kampus-split-arhitektura-ulice\/","url":"https:\/\/lidija-photo.com\/hr\/blog-hr\/arhitektura\/sveucilisni-kampus-split-arhitektura-ulice\/","name":"Sveu\u010dili\u0161ni kampus u Splitu: arhitektura i ulice | Blog | Lidija Lolic","isPartOf":{"@id":"https:\/\/lidija-photo.com\/hr\/#website"},"primaryImageOfPage":{"@id":"https:\/\/lidija-photo.com\/hr\/blog-hr\/arhitektura\/sveucilisni-kampus-split-arhitektura-ulice\/#primaryimage"},"image":{"@id":"https:\/\/lidija-photo.com\/hr\/blog-hr\/arhitektura\/sveucilisni-kampus-split-arhitektura-ulice\/#primaryimage"},"thumbnailUrl":"https:\/\/lidija-photo.com\/wp-content\/uploads\/2011\/11\/fotografije-arhitekture-092-featured.jpg","datePublished":"2011-11-15T13:46:07+00:00","dateModified":"2020-03-03T01:23:03+00:00","description":"Kolekcija arhitektonskih fotografija napravljenih na sveu\u010dili\u0161nom kampusu u Splitu. Detalji arhitekture, uli\u010dna fotografija i zgrade.","breadcrumb":{"@id":"https:\/\/lidija-photo.com\/hr\/blog-hr\/arhitektura\/sveucilisni-kampus-split-arhitektura-ulice\/#breadcrumb"},"inLanguage":"hr","potentialAction":[{"@type":"ReadAction","target":["https:\/\/lidija-photo.com\/hr\/blog-hr\/arhitektura\/sveucilisni-kampus-split-arhitektura-ulice\/"]}]},{"@type":"ImageObject","inLanguage":"hr","@id":"https:\/\/lidija-photo.com\/hr\/blog-hr\/arhitektura\/sveucilisni-kampus-split-arhitektura-ulice\/#primaryimage","url":"https:\/\/lidija-photo.com\/wp-content\/uploads\/2011\/11\/fotografije-arhitekture-092-featured.jpg","contentUrl":"https:\/\/lidija-photo.com\/wp-content\/uploads\/2011\/11\/fotografije-arhitekture-092-featured.jpg","width":800,"height":533,"caption":"fotografije-arhitekture"},{"@type":"BreadcrumbList","@id":"https:\/\/lidija-photo.com\/hr\/blog-hr\/arhitektura\/sveucilisni-kampus-split-arhitektura-ulice\/#breadcrumb","itemListElement":[{"@type":"ListItem","position":1,"name":"Home","item":"https:\/\/lidija-photo.com\/hr\/"},{"@type":"ListItem","position":2,"name":"Blog","item":"https:\/\/lidija-photo.com\/hr\/blog-hr\/"},{"@type":"ListItem","position":3,"name":"Arhitektura","item":"https:\/\/lidija-photo.com\/hr\/blog-hr\/arhitektura\/"},{"@type":"ListItem","position":4,"name":"Sveu\u010dili\u0161ni kampus u Splitu: arhitektura i ulice"}]},{"@type":"WebSite","@id":"https:\/\/lidija-photo.com\/hr\/#website","url":"https:\/\/lidija-photo.com\/hr\/","name":"Lidija Loli\u0107 Photography","description":"","publisher":{"@id":"https:\/\/lidija-photo.com\/hr\/#\/schema\/person\/6c1b078b6fb2a3c266ad393ead6da313"},"alternateName":"Lidija Lolic Photography","potentialAction":[{"@type":"SearchAction","target":{"@type":"EntryPoint","urlTemplate":"https:\/\/lidija-photo.com\/hr\/?s={search_term_string}"},"query-input":{"@type":"PropertyValueSpecification","valueRequired":true,"valueName":"search_term_string"}}],"inLanguage":"hr"},{"@type":["Person","Organization"],"@id":"https:\/\/lidija-photo.com\/hr\/#\/schema\/person\/6c1b078b6fb2a3c266ad393ead6da313","name":"Lidija","image":{"@type":"ImageObject","inLanguage":"hr","@id":"https:\/\/lidija-photo.com\/wp-content\/uploads\/2018\/01\/lidija-lolic-logo-580px-en.png","url":"https:\/\/lidija-photo.com\/wp-content\/uploads\/2018\/01\/lidija-lolic-logo-580px-en.png","contentUrl":"https:\/\/lidija-photo.com\/wp-content\/uploads\/2018\/01\/lidija-lolic-logo-580px-en.png","width":580,"height":138,"caption":"Lidija"},"logo":{"@id":"https:\/\/lidija-photo.com\/wp-content\/uploads\/2018\/01\/lidija-lolic-logo-580px-en.png"},"sameAs":["http:\/\/lidija-photo.com","https:\/\/www.facebook.com\/lolic.lidija","https:\/\/www.instagram.com\/lidijalolic_photography\/"]}]}},"_links":{"self":[{"href":"https:\/\/lidija-photo.com\/hr\/wp-json\/wp\/v2\/posts\/879","targetHints":{"allow":["GET"]}}],"collection":[{"href":"https:\/\/lidija-photo.com\/hr\/wp-json\/wp\/v2\/posts"}],"about":[{"href":"https:\/\/lidija-photo.com\/hr\/wp-json\/wp\/v2\/types\/post"}],"author":[{"embeddable":true,"href":"https:\/\/lidija-photo.com\/hr\/wp-json\/wp\/v2\/users\/1"}],"replies":[{"embeddable":true,"href":"https:\/\/lidija-photo.com\/hr\/wp-json\/wp\/v2\/comments?post=879"}],"version-history":[{"count":6,"href":"https:\/\/lidija-photo.com\/hr\/wp-json\/wp\/v2\/posts\/879\/revisions"}],"predecessor-version":[{"id":42931,"href":"https:\/\/lidija-photo.com\/hr\/wp-json\/wp\/v2\/posts\/879\/revisions\/42931"}],"wp:featuredmedia":[{"embeddable":true,"href":"https:\/\/lidija-photo.com\/hr\/wp-json\/wp\/v2\/media\/38947"}],"wp:attachment":[{"href":"https:\/\/lidija-photo.com\/hr\/wp-json\/wp\/v2\/media?parent=879"}],"wp:term":[{"taxonomy":"category","embeddable":true,"href":"https:\/\/lidija-photo.com\/hr\/wp-json\/wp\/v2\/categories?post=879"},{"taxonomy":"post_tag","embeddable":true,"href":"https:\/\/lidija-photo.com\/hr\/wp-json\/wp\/v2\/tags?post=879"}],"curies":[{"name":"wp","href":"https:\/\/api.w.org\/{rel}","templated":true}]}}