{"id":8666,"date":"2014-03-02T02:33:35","date_gmt":"2014-03-02T01:33:35","guid":{"rendered":"https:\/\/lidija-photo.com\/a-weekend-of-amazing-light-2\/"},"modified":"2020-03-03T03:50:53","modified_gmt":"2020-03-03T02:50:53","slug":"vikend-fantasticnog-svjetla","status":"publish","type":"post","link":"https:\/\/lidija-photo.com\/hr\/blog-hr\/dokumentarno\/vikend-fantasticnog-svjetla\/","title":{"rendered":"Vikend fantasti\u010dnog svjetla"},"content":{"rendered":"<p><div class=\"fusion-fullwidth fullwidth-box fusion-builder-row-1 fusion-flex-container nonhundred-percent-fullwidth non-hundred-percent-height-scrolling\" style=\"--awb-border-radius-top-left:0px;--awb-border-radius-top-right:0px;--awb-border-radius-bottom-right:0px;--awb-border-radius-bottom-left:0px;--awb-background-color:rgba(36,36,36,0);--awb-flex-wrap:wrap;\" ><div class=\"fusion-builder-row fusion-row fusion-flex-align-items-flex-start fusion-flex-content-wrap\" style=\"max-width:calc( 1440px + 0px );margin-left: calc(-0px \/ 2 );margin-right: calc(-0px \/ 2 );\"><div class=\"fusion-layout-column fusion_builder_column fusion-builder-column-0 fusion_builder_column_1_1 1_1 fusion-flex-column\" style=\"--awb-bg-size:cover;--awb-width-large:100%;--awb-margin-top-large:0px;--awb-spacing-right-large:0px;--awb-margin-bottom-large:20px;--awb-spacing-left-large:0px;--awb-width-medium:100%;--awb-spacing-right-medium:0px;--awb-spacing-left-medium:0px;--awb-width-small:100%;--awb-spacing-right-small:0px;--awb-spacing-left-small:0px;\"><div class=\"fusion-column-wrapper fusion-column-has-shadow fusion-flex-justify-content-flex-start fusion-content-layout-column\"><nav class=\"fusion-breadcrumbs awb-yoast-breadcrumbs fusion-breadcrumbs-1\" style=\"--awb-margin-bottom:50px;--awb-alignment:left;--awb-text-hover-color:#ffe1b5;--awb-text-color:#dddddd;--awb-breadcrumb-sep:&#039;|&#039;;text-align:left;\" aria-label=\"Breadcrumb\"><ol class=\"awb-breadcrumb-list\"><li class=\"fusion-breadcrumb-item\"  aria-hidden=\"true\"><span  class=\"fusion-breadcrumb-prefix\">You are here:<\/span><\/li><li class=\"fusion-breadcrumb-item awb-breadcrumb-sep awb-home\" ><a href=\"https:\/\/lidija-photo.com\/hr\/\" class=\"fusion-breadcrumb-link\"><span >Home<\/span><\/a><\/li><\/ol><\/nav><\/div><\/div><\/div><\/div><div class=\"fusion-fullwidth fullwidth-box fusion-builder-row-2 fusion-flex-container nonhundred-percent-fullwidth non-hundred-percent-height-scrolling\" style=\"--awb-border-radius-top-left:0px;--awb-border-radius-top-right:0px;--awb-border-radius-bottom-right:0px;--awb-border-radius-bottom-left:0px;--awb-background-color:rgba(36,36,36,0);--awb-flex-wrap:wrap;\" ><div class=\"fusion-builder-row fusion-row fusion-flex-align-items-flex-start fusion-flex-content-wrap\" style=\"max-width:calc( 1440px + 0px );margin-left: calc(-0px \/ 2 );margin-right: calc(-0px \/ 2 );\"><div class=\"fusion-layout-column fusion_builder_column fusion-builder-column-1 fusion_builder_column_1_1 1_1 fusion-flex-column\" style=\"--awb-bg-size:cover;--awb-width-large:100%;--awb-margin-top-large:0px;--awb-spacing-right-large:0px;--awb-margin-bottom-large:20px;--awb-spacing-left-large:0px;--awb-width-medium:100%;--awb-spacing-right-medium:0px;--awb-spacing-left-medium:0px;--awb-width-small:100%;--awb-spacing-right-small:0px;--awb-spacing-left-small:0px;\"><div class=\"fusion-column-wrapper fusion-column-has-shadow fusion-flex-justify-content-flex-start fusion-content-layout-column\"><div class=\"fusion-title title fusion-title-1 fusion-sep-none fusion-title-center fusion-title-text fusion-title-size-one\" style=\"--awb-margin-top-small:0px;--awb-margin-right-small:0px;--awb-margin-bottom-small:20px;--awb-margin-left-small:0px;\"><h1 class=\"fusion-title-heading title-heading-center fusion-responsive-typography-calculated\" style=\"margin:0;--fontSize:45;line-height:1.6;\">Vikend fantasti\u010dnog svjetla<\/h1><\/div><div class=\"fusion-text fusion-text-1\"><p style=\"text-align: justify;\">Klima u Splitu nije ba\u0161 ne\u0161to zanimljiva. Nemamo tornada, poplava, pijavice, snijega ni leda. U biti, klima u Splitu je u\u017easno dosadna. To je mo\u017eda bilo super pogodno Dioklecijanu za napraviti vikendicu, ali definitivno nije super pogodno za fotografiju. Pa su prilike za neko ludo svijetlo i ekstremne vremenske uvjete vrlo rijetke. A jo\u0161 su rije\u0111e prilike da se na\u0111em na pravom mjestu u pravo vrijeme. Stoga je protekli vikend bio jedan super miks rijetkosti.<\/p>\n<h2>Subota<\/h2>\n<p style=\"text-align: justify;\">Ki\u0161a je tih dana padala po cijele dane, ali bi se, kao po nekom pravilu, po\u010delo razvedravati taman prije zalaska sunca. Pa sam iskoristila slobodno subotnje popdne za pro\u0161etati se do centra grada i isku\u0161ati sre\u0107u. I taj dan je ki\u0161ilo ugavnom bez prestanka i ba\u0161 se &#8211; kao i prethodne dane &#8211; po\u010delo razvedravati prije zalaza sunca. To, naravno, obe\u0107ava super svjetlo.<\/p>\n<p>Tako je i bilo, sunce se pojavilo taman malo iznad horizonda i obasjalo grad i <a href=\"https:\/\/lidija-photo.com\/hr\/blog\/pejzazi\/spektakl-svjetla-na-punti-planki\/\">oblake zlatnim svjetlom<\/a>. Izgledalo je fantasti\u010dno.<\/p>\n<p><a class=\"ngg-fancybox\" title=\" \" href=\"https:\/\/lidija-photo.com\/fotografije\/blog\/2014\/vikend-dobrog-svjetla\/vikend-dobrog-svjetla-2.jpg\" rel=\"\" data-image-id=\"12612\" data-src=\"https:\/\/lidija-photo.com\/fotografije\/blog\/2014\/vikend-dobrog-svjetla\/vikend-dobrog-svjetla-2.jpg\" data-thumbnail=\"https:\/\/lidija-photo.com\/fotografije\/blog\/2014\/vikend-dobrog-svjetla\/thumbs\/thumbs_vikend-dobrog-svjetla-2.jpg\" data-title=\"vikend-dobrog-svjetla-2\" data-description=\" \"><img decoding=\"async\" class=\"ngg-singlepic ngg-center\" src=\"https:\/\/lidija-photo.com\/fotografije\/blog\/2014\/vikend-dobrog-svjetla\/thumbs\/thumbs_vikend-dobrog-svjetla-2.jpg\" alt=\"vikend-dobrog-svjetla-2\"><\/a><\/p>\n<p><a class=\"ngg-fancybox\" title=\" \" href=\"https:\/\/lidija-photo.com\/fotografije\/blog\/2014\/vikend-dobrog-svjetla\/vikend-dobrog-svjetla-3.jpg\" rel=\"\" data-image-id=\"12612\" data-src=\"https:\/\/lidija-photo.com\/fotografije\/blog\/2014\/vikend-dobrog-svjetla\/vikend-dobrog-svjetla-3.jpg\" data-thumbnail=\"https:\/\/lidija-photo.com\/fotografije\/blog\/2014\/vikend-dobrog-svjetla\/thumbs\/thumbs_vikend-dobrog-svjetla-3.jpg\" data-title=\"vikend-dobrog-svjetla-2\" data-description=\" \"><img decoding=\"async\" class=\"ngg-singlepic ngg-center\" src=\"https:\/\/lidija-photo.com\/fotografije\/blog\/2014\/vikend-dobrog-svjetla\/thumbs\/thumbs_vikend-dobrog-svjetla-3.jpg\" alt=\"vikend-dobrog-svjetla-2\"><\/a><\/p>\n<p style=\"text-align: justify;\">Kako je jo\u0161 uvijek padala lagana ki\u0161ica bilo je sasvim jasno da \u0107e se pojaviti i duga. Potr\u010dala sam prema dnu rive i Mateju\u0161ki kako bi mogla uhvatiti rivu i dugu.<\/p>\n<p><a class=\"ngg-fancybox\" title=\" \" href=\"https:\/\/lidija-photo.com\/fotografije\/blog\/2014\/vikend-dobrog-svjetla\/vikend-dobrog-svjetla-4.jpg\" rel=\"\" data-image-id=\"12612\" data-src=\"https:\/\/lidija-photo.com\/fotografije\/blog\/2014\/vikend-dobrog-svjetla\/vikend-dobrog-svjetla-4.jpg\" data-thumbnail=\"https:\/\/lidija-photo.com\/fotografije\/blog\/2014\/vikend-dobrog-svjetla\/thumbs\/thumbs_vikend-dobrog-svjetla-4.jpg\" data-title=\"vikend-dobrog-svjetla-2\" data-description=\" \"><img decoding=\"async\" class=\"ngg-singlepic ngg-center\" src=\"https:\/\/lidija-photo.com\/fotografije\/blog\/2014\/vikend-dobrog-svjetla\/thumbs\/thumbs_vikend-dobrog-svjetla-4.jpg\" alt=\"vikend-dobrog-svjetla-2\"><\/a><\/p>\n<p>Na\u017ealost, dok sam stigla tamo &#8211; duga je ve\u0107 bila prakti\u010dki nestala.<\/p>\n<p><a class=\"ngg-fancybox\" title=\" \" href=\"https:\/\/lidija-photo.com\/fotografije\/blog\/2014\/vikend-dobrog-svjetla\/vikend-dobrog-svjetla-5.jpg\" rel=\"\" data-image-id=\"12612\" data-src=\"https:\/\/lidija-photo.com\/fotografije\/blog\/2014\/vikend-dobrog-svjetla\/vikend-dobrog-svjetla-5.jpg\" data-thumbnail=\"https:\/\/lidija-photo.com\/fotografije\/blog\/2014\/vikend-dobrog-svjetla\/thumbs\/thumbs_vikend-dobrog-svjetla-5.jpg\" data-title=\"vikend-dobrog-svjetla-2\" data-description=\" \"><img decoding=\"async\" class=\"ngg-singlepic ngg-center\" src=\"https:\/\/lidija-photo.com\/fotografije\/blog\/2014\/vikend-dobrog-svjetla\/thumbs\/thumbs_vikend-dobrog-svjetla-5.jpg\" alt=\"vikend-dobrog-svjetla\"><\/a><\/p>\n<p style=\"text-align: justify;\">Poludila sam na sebe jer nisam oti\u0161la koju minutu prije &#8211; a znala sam da se duga mora pojaviti. Poslikala sam \u0161to se moglo, ali jedinstvena prilika za rijetku fotografiju je bila izgubljena.<\/p>\n<p>Zvonik crkve S. Frane i duga:<\/p>\n<p><a class=\"ngg-fancybox\" title=\" \" href=\"https:\/\/lidija-photo.com\/fotografije\/blog\/2014\/vikend-dobrog-svjetla\/vikend-dobrog-svjetla-1.jpg\" rel=\"\" data-image-id=\"12612\" data-src=\"https:\/\/lidija-photo.com\/fotografije\/blog\/2014\/vikend-dobrog-svjetla\/vikend-dobrog-svjetla-1.jpg\" data-thumbnail=\"https:\/\/lidija-photo.com\/fotografije\/blog\/2014\/vikend-dobrog-svjetla\/thumbs\/thumbs_vikend-dobrog-svjetla-1.jpg\" data-title=\"vikend-dobrog-svjetla-2\" data-description=\" \"><img decoding=\"async\" class=\"ngg-singlepic ngg-center\" src=\"https:\/\/lidija-photo.com\/fotografije\/blog\/2014\/vikend-dobrog-svjetla\/thumbs\/thumbs_vikend-dobrog-svjetla-1.jpg\" alt=\"vikend-dobrog-svjetla-1\"><\/a><\/p>\n<p>Jo\u0161 sam se malo pro\u0161etala. Ni nakon zalaska sunca nije izgledalo lo\u0161e, panorama rive se ba\u0161 fino popunila obla\u010di\u0107ima na nebu.<\/p>\n<p><a class=\"ngg-fancybox\" title=\" \" href=\"https:\/\/lidija-photo.com\/fotografije\/blog\/2014\/vikend-dobrog-svjetla\/vikend-dobrog-svjetla-6.jpg\" rel=\"\" data-image-id=\"12612\" data-src=\"https:\/\/lidija-photo.com\/fotografije\/blog\/2014\/vikend-dobrog-svjetla\/vikend-dobrog-svjetla-6.jpg\" data-thumbnail=\"https:\/\/lidija-photo.com\/fotografije\/blog\/2014\/vikend-dobrog-svjetla\/thumbs\/thumbs_vikend-dobrog-svjetla-6.jpg\" data-title=\"vikend-dobrog-svjetla-2\" data-description=\" \"><img decoding=\"async\" class=\"ngg-singlepic ngg-center\" src=\"https:\/\/lidija-photo.com\/fotografije\/blog\/2014\/vikend-dobrog-svjetla\/thumbs\/thumbs_vikend-dobrog-svjetla-6.jpg\" alt=\"vikend-dobrog-svjetla-2\"><\/a><\/p>\n<p><a class=\"ngg-fancybox\" title=\" \" href=\"https:\/\/lidija-photo.com\/fotografije\/blog\/2014\/vikend-dobrog-svjetla\/vikend-dobrog-svjetla-8.jpg\" rel=\"\" data-image-id=\"12612\" data-src=\"https:\/\/lidija-photo.com\/fotografije\/blog\/2014\/vikend-dobrog-svjetla\/vikend-dobrog-svjetla-8.jpg\" data-thumbnail=\"https:\/\/lidija-photo.com\/fotografije\/blog\/2014\/vikend-dobrog-svjetla\/thumbs\/thumbs_vikend-dobrog-svjetla-8.jpg\" data-title=\"vikend-dobrog-svjetla-2\" data-description=\" \"><img decoding=\"async\" class=\"ngg-singlepic ngg-center\" src=\"https:\/\/lidija-photo.com\/fotografije\/blog\/2014\/vikend-dobrog-svjetla\/thumbs\/thumbs_vikend-dobrog-svjetla-8.jpg\" alt=\"vikend-dobrog-svjetla-2\"><\/a><\/p>\n<p>Ipak, gorak okus zbog propu\u0161tene duge je ostao&#8230;<\/p>\n<h2>Nedjelja<\/h2>\n<p style=\"text-align: justify;\">Sutradan, u nedjelju, odlu\u010dila sam biti malo pametnija. Po prognozi su vremenske prilike morale biti iste ili sli\u010dne kao prethodnih dana. Ve\u0107 od jutra sam pratila satelitske snimke oblaka, refreshala sam stranicu svako pola sata, izlazila na balkon i buljila u oblake &#8211; nadaju\u0107i se da \u0107e krenuti u pravom smjeru. Nekih sat vremena prije &#8216;zakazanog&#8217; zalaska sunca situacija je izgledala dobro. Opet refresh satelita, izlazak na balkon, cupkanje, refresh, trpanje opreme u torbu jer &#8211; nikad se ne zna. Oko Visa je bilo vedro, iznad Splita prolom oblaka. Ho\u0107e li rupa u oblacima sti\u0107i uhvatiti sunce? Pribli\u017eavala se dovoljno brzo, ali ipak&#8230;. Trebalo je jo\u0161 malo sa\u010dekati.<br \/>\nDvadesetak minuta prije zalaza, na zapadu se nebo naglo za\u017eutilo i zasvijetlilo. To je to, nije vi\u0161e bilo razloga za \u010dekanje. Izletjela sam iz ku\u0107e, sjela u auto i odjurila natopljenim ulicama prema Mateju\u0161ki. To je najbolja to\u010dka za slikati dugu iznad Splita ako se poka\u017ee sunce.<\/p>\n<p style=\"text-align: justify;\">Kada sam stigla tamo, na grad se, uz udare vjetra, izlijevao jak pljusak. Toliko jak da nisam mogla niti iza\u0107i iz auta, a kamo li slikavati. Ki\u0161obran je zbog vjetra bio uzaludan poku\u0161aj. Ipak, pala je odluka &#8211; uzet \u0107u ki\u0161obran da bar malo za\u0161titim kameru, ostala oprema ostaje u autu, a \u0161alom \u0107u brisati objektiv. Ba\u0161 kad sam do\u0161la do vrha mula Mateju\u0161ke zasjalo je sunce i kroz pljusak se ukazala dvostruka duga iznad Splita. Motiv koji oduvijek sanjam fotografirati.<\/p>\n<h2>Bingo!<\/h2>\n<p style=\"text-align: justify;\">Po\u010dela sam slikavati kao luda &#8211; panoramu rive sa dugama iznad. Kako mi je vjetar nosio ki\u0161u u lice i objektiv, tako sam nakon svakog niza fotografija, brisala objektiv i po\u010dinjala ispo\u010detka. Kapljice ki\u0161e se vide kao velike mrlje na svakoj fotografiji pa sam nakon svakog brisanja objektiva panorame po\u010dinjala slikavati malo s lijeve malo s desne strane, malo od sredine. Poklopit \u0107e se valjda da bar po jedna od slika iz svih nizova bude iskoristiva, odnosno bez kapljica ili sa jednom-dvije, jer ih je tada eventualno mogu\u0107e ukloniti u post obradi. Nakon nekih 140 slikanih fotografija bilo je dosta. Bila sam mokra ko mi\u0161, a i duga je pomalo blijedila. Bit \u0107e valjda dovoljno&#8230;.<\/p>\n<p style=\"text-align: justify;\">Nakon povratka doma, tra\u017eenja uspjelih ekspozicija, spajanja panorame i micanja nekoliko kapljica (nijedna slika mi nije bila bez njih) &#8211; dvostruka duga iznad Splita je bila gotova. Jedna od meni najdra\u017eih fotografija koje sam dosad slikala &#8211; \u0161to zbog samog procesa nastajanja \u0161to zbog \u010dinjenice da se rijetko dogodi da je uz prekrasnu dugu i donji dio fotografije jednako slikovit.<\/p>\n<p><a class=\"ngg-fancybox\" title=\" \" href=\"https:\/\/lidija-photo.com\/fotografije\/blog\/2014\/vikend-dobrog-svjetla\/vikend-dobrog-svjetla-duga.jpg\" rel=\"\" data-image-id=\"12612\" data-src=\"https:\/\/lidija-photo.com\/fotografije\/blog\/2014\/vikend-dobrog-svjetla\/vikend-dobrog-svjetla-duga.jpg\" data-thumbnail=\"https:\/\/lidija-photo.com\/fotografije\/blog\/2014\/vikend-dobrog-svjetla\/thumbs\/thumbs_vikend-dobrog-svjetla-duga.jpg\" data-title=\"vikend-dobrog-svjetla-2\" data-description=\" \"><img decoding=\"async\" class=\"ngg-singlepic ngg-center\" src=\"https:\/\/lidija-photo.com\/fotografije\/blog\/2014\/vikend-dobrog-svjetla\/thumbs\/thumbs_vikend-dobrog-svjetla-duga.jpg\" alt=\"vikend-dobrog-svjetla-2\"><\/a><\/p>\n<\/div><div class=\"fusion-separator fusion-full-width-sep\" style=\"align-self: center;margin-left: auto;margin-right: auto;margin-top:50px;margin-bottom:20px;width:100%;\"><div class=\"fusion-separator-border sep-shadow\" style=\"--awb-height:20px;--awb-amount:20px;--awb-sep-color:#ffffff;background:radial-gradient(ellipse at 50% -50% , #ffffff 0px, rgba(255, 255, 255, 0) 80%) repeat scroll 0 0 rgba(0, 0, 0, 0);background:-webkit-radial-gradient(ellipse at 50% -50% , #ffffff 0px, rgba(255, 255, 255, 0) 80%) repeat scroll 0 0 rgba(0, 0, 0, 0);background:-moz-radial-gradient(ellipse at 50% -50% , #ffffff 0px, rgba(255, 255, 255, 0) 80%) repeat scroll 0 0 rgba(0, 0, 0, 0);background:-o-radial-gradient(ellipse at 50% -50% , #ffffff 0px, rgba(255, 255, 255, 0) 80%) repeat scroll 0 0 rgba(0, 0, 0, 0);\"><\/div><\/div><\/div><\/div><\/div><\/div><\/p>\n","protected":false},"excerpt":{"rendered":"","protected":false},"author":1,"featured_media":9146,"comment_status":"open","ping_status":"open","sticky":false,"template":"","format":"standard","meta":{"ngg_post_thumbnail":0,"footnotes":""},"categories":[2999,3004],"tags":[2949,3062,2989],"class_list":["post-8666","post","type-post","status-publish","format-standard","has-post-thumbnail","hentry","category-dokumentarno","category-pejzazi","tag-hrvatska","tag-meteo-hr","tag-grad-split"],"yoast_head":"<!-- This site is optimized with the Yoast SEO plugin v27.4 - https:\/\/yoast.com\/product\/yoast-seo-wordpress\/ -->\n<title>Vikend fantasti\u010dnog svjetla u Splitu | Blog | Lidija Loli\u0107<\/title>\n<meta name=\"description\" content=\"Fotografije, ki\u0161e, zalaza i dvostruke duge iznad Splita.\" \/>\n<meta name=\"robots\" content=\"index, follow, max-snippet:-1, max-image-preview:large, max-video-preview:-1\" \/>\n<link rel=\"canonical\" href=\"https:\/\/lidija-photo.com\/hr\/blog-hr\/dokumentarno\/vikend-fantasticnog-svjetla\/\" \/>\n<meta property=\"og:locale\" content=\"hr_HR\" \/>\n<meta property=\"og:type\" content=\"article\" \/>\n<meta property=\"og:title\" content=\"Vikend fantasti\u010dnog svjetla u Splitu | Blog | Lidija Loli\u0107\" \/>\n<meta property=\"og:description\" content=\"Fotografije, ki\u0161e, zalaza i dvostruke duge iznad Splita.\" \/>\n<meta property=\"og:url\" content=\"https:\/\/lidija-photo.com\/hr\/blog-hr\/dokumentarno\/vikend-fantasticnog-svjetla\/\" \/>\n<meta property=\"og:site_name\" content=\"Lidija Loli\u0107 Photography\" \/>\n<meta property=\"article:publisher\" content=\"https:\/\/www.facebook.com\/lolic.lidija\" \/>\n<meta property=\"article:author\" content=\"https:\/\/www.facebook.com\/lolic.lidija\" \/>\n<meta property=\"article:published_time\" content=\"2014-03-02T01:33:35+00:00\" \/>\n<meta property=\"article:modified_time\" content=\"2020-03-03T02:50:53+00:00\" \/>\n<meta property=\"og:image\" content=\"https:\/\/lidija-photo.com\/wp-content\/uploads\/2014\/03\/vikend-dobrog-svjetla-duga.jpg\" \/>\n\t<meta property=\"og:image:width\" content=\"1000\" \/>\n\t<meta property=\"og:image:height\" content=\"554\" \/>\n\t<meta property=\"og:image:type\" content=\"image\/jpeg\" \/>\n<meta name=\"author\" content=\"Lidija\" \/>\n<meta name=\"twitter:card\" content=\"summary_large_image\" \/>\n<meta name=\"twitter:label1\" content=\"Napisao\/la\" \/>\n\t<meta name=\"twitter:data1\" content=\"Lidija\" \/>\n\t<meta name=\"twitter:label2\" content=\"Procijenjeno vrijeme \u010ditanja\" \/>\n\t<meta name=\"twitter:data2\" content=\"8 minutes\" \/>\n<script type=\"application\/ld+json\" class=\"yoast-schema-graph\">{\"@context\":\"https:\\\/\\\/schema.org\",\"@graph\":[{\"@type\":\"Article\",\"@id\":\"https:\\\/\\\/lidija-photo.com\\\/hr\\\/blog-hr\\\/dokumentarno\\\/vikend-fantasticnog-svjetla\\\/#article\",\"isPartOf\":{\"@id\":\"https:\\\/\\\/lidija-photo.com\\\/hr\\\/blog-hr\\\/dokumentarno\\\/vikend-fantasticnog-svjetla\\\/\"},\"author\":{\"name\":\"Lidija\",\"@id\":\"https:\\\/\\\/lidija-photo.com\\\/hr\\\/#\\\/schema\\\/person\\\/6c1b078b6fb2a3c266ad393ead6da313\"},\"headline\":\"Vikend fantasti\u010dnog svjetla\",\"datePublished\":\"2014-03-02T01:33:35+00:00\",\"dateModified\":\"2020-03-03T02:50:53+00:00\",\"mainEntityOfPage\":{\"@id\":\"https:\\\/\\\/lidija-photo.com\\\/hr\\\/blog-hr\\\/dokumentarno\\\/vikend-fantasticnog-svjetla\\\/\"},\"wordCount\":1658,\"commentCount\":0,\"publisher\":{\"@id\":\"https:\\\/\\\/lidija-photo.com\\\/hr\\\/#\\\/schema\\\/person\\\/6c1b078b6fb2a3c266ad393ead6da313\"},\"image\":{\"@id\":\"https:\\\/\\\/lidija-photo.com\\\/hr\\\/blog-hr\\\/dokumentarno\\\/vikend-fantasticnog-svjetla\\\/#primaryimage\"},\"thumbnailUrl\":\"https:\\\/\\\/lidija-photo.com\\\/wp-content\\\/uploads\\\/2014\\\/03\\\/vikend-dobrog-svjetla-duga.jpg\",\"keywords\":[\"Hrvatska\",\"Meteo\",\"Split\"],\"articleSection\":[\"Dokumentarno\",\"Pejza\u017ei\"],\"inLanguage\":\"hr\",\"potentialAction\":[{\"@type\":\"CommentAction\",\"name\":\"Comment\",\"target\":[\"https:\\\/\\\/lidija-photo.com\\\/hr\\\/blog-hr\\\/dokumentarno\\\/vikend-fantasticnog-svjetla\\\/#respond\"]}]},{\"@type\":\"WebPage\",\"@id\":\"https:\\\/\\\/lidija-photo.com\\\/hr\\\/blog-hr\\\/dokumentarno\\\/vikend-fantasticnog-svjetla\\\/\",\"url\":\"https:\\\/\\\/lidija-photo.com\\\/hr\\\/blog-hr\\\/dokumentarno\\\/vikend-fantasticnog-svjetla\\\/\",\"name\":\"Vikend fantasti\u010dnog svjetla u Splitu | Blog | Lidija Loli\u0107\",\"isPartOf\":{\"@id\":\"https:\\\/\\\/lidija-photo.com\\\/hr\\\/#website\"},\"primaryImageOfPage\":{\"@id\":\"https:\\\/\\\/lidija-photo.com\\\/hr\\\/blog-hr\\\/dokumentarno\\\/vikend-fantasticnog-svjetla\\\/#primaryimage\"},\"image\":{\"@id\":\"https:\\\/\\\/lidija-photo.com\\\/hr\\\/blog-hr\\\/dokumentarno\\\/vikend-fantasticnog-svjetla\\\/#primaryimage\"},\"thumbnailUrl\":\"https:\\\/\\\/lidija-photo.com\\\/wp-content\\\/uploads\\\/2014\\\/03\\\/vikend-dobrog-svjetla-duga.jpg\",\"datePublished\":\"2014-03-02T01:33:35+00:00\",\"dateModified\":\"2020-03-03T02:50:53+00:00\",\"description\":\"Fotografije, ki\u0161e, zalaza i dvostruke duge iznad Splita.\",\"breadcrumb\":{\"@id\":\"https:\\\/\\\/lidija-photo.com\\\/hr\\\/blog-hr\\\/dokumentarno\\\/vikend-fantasticnog-svjetla\\\/#breadcrumb\"},\"inLanguage\":\"hr\",\"potentialAction\":[{\"@type\":\"ReadAction\",\"target\":[\"https:\\\/\\\/lidija-photo.com\\\/hr\\\/blog-hr\\\/dokumentarno\\\/vikend-fantasticnog-svjetla\\\/\"]}]},{\"@type\":\"ImageObject\",\"inLanguage\":\"hr\",\"@id\":\"https:\\\/\\\/lidija-photo.com\\\/hr\\\/blog-hr\\\/dokumentarno\\\/vikend-fantasticnog-svjetla\\\/#primaryimage\",\"url\":\"https:\\\/\\\/lidija-photo.com\\\/wp-content\\\/uploads\\\/2014\\\/03\\\/vikend-dobrog-svjetla-duga.jpg\",\"contentUrl\":\"https:\\\/\\\/lidija-photo.com\\\/wp-content\\\/uploads\\\/2014\\\/03\\\/vikend-dobrog-svjetla-duga.jpg\",\"width\":1000,\"height\":554},{\"@type\":\"BreadcrumbList\",\"@id\":\"https:\\\/\\\/lidija-photo.com\\\/hr\\\/blog-hr\\\/dokumentarno\\\/vikend-fantasticnog-svjetla\\\/#breadcrumb\",\"itemListElement\":[{\"@type\":\"ListItem\",\"position\":1,\"name\":\"Home\",\"item\":\"https:\\\/\\\/lidija-photo.com\\\/hr\\\/\"},{\"@type\":\"ListItem\",\"position\":2,\"name\":\"Blog\",\"item\":\"https:\\\/\\\/lidija-photo.com\\\/hr\\\/blog-hr\\\/\"},{\"@type\":\"ListItem\",\"position\":3,\"name\":\"Dokumentarno\",\"item\":\"https:\\\/\\\/lidija-photo.com\\\/hr\\\/blog-hr\\\/dokumentarno\\\/\"},{\"@type\":\"ListItem\",\"position\":4,\"name\":\"Vikend fantasti\u010dnog svjetla\"}]},{\"@type\":\"WebSite\",\"@id\":\"https:\\\/\\\/lidija-photo.com\\\/hr\\\/#website\",\"url\":\"https:\\\/\\\/lidija-photo.com\\\/hr\\\/\",\"name\":\"Lidija Loli\u0107 Photography\",\"description\":\"\",\"publisher\":{\"@id\":\"https:\\\/\\\/lidija-photo.com\\\/hr\\\/#\\\/schema\\\/person\\\/6c1b078b6fb2a3c266ad393ead6da313\"},\"alternateName\":\"Lidija Lolic Photography\",\"potentialAction\":[{\"@type\":\"SearchAction\",\"target\":{\"@type\":\"EntryPoint\",\"urlTemplate\":\"https:\\\/\\\/lidija-photo.com\\\/hr\\\/?s={search_term_string}\"},\"query-input\":{\"@type\":\"PropertyValueSpecification\",\"valueRequired\":true,\"valueName\":\"search_term_string\"}}],\"inLanguage\":\"hr\"},{\"@type\":[\"Person\",\"Organization\"],\"@id\":\"https:\\\/\\\/lidija-photo.com\\\/hr\\\/#\\\/schema\\\/person\\\/6c1b078b6fb2a3c266ad393ead6da313\",\"name\":\"Lidija\",\"image\":{\"@type\":\"ImageObject\",\"inLanguage\":\"hr\",\"@id\":\"https:\\\/\\\/lidija-photo.com\\\/wp-content\\\/uploads\\\/2018\\\/01\\\/lidija-lolic-logo-580px-en.png\",\"url\":\"https:\\\/\\\/lidija-photo.com\\\/wp-content\\\/uploads\\\/2018\\\/01\\\/lidija-lolic-logo-580px-en.png\",\"contentUrl\":\"https:\\\/\\\/lidija-photo.com\\\/wp-content\\\/uploads\\\/2018\\\/01\\\/lidija-lolic-logo-580px-en.png\",\"width\":580,\"height\":138,\"caption\":\"Lidija\"},\"logo\":{\"@id\":\"https:\\\/\\\/lidija-photo.com\\\/wp-content\\\/uploads\\\/2018\\\/01\\\/lidija-lolic-logo-580px-en.png\"},\"sameAs\":[\"http:\\\/\\\/lidija-photo.com\",\"https:\\\/\\\/www.facebook.com\\\/lolic.lidija\",\"https:\\\/\\\/www.instagram.com\\\/lidijalolic_photography\\\/\"]}]}<\/script>\n<!-- \/ Yoast SEO plugin. -->","yoast_head_json":{"title":"Vikend fantasti\u010dnog svjetla u Splitu | Blog | Lidija Loli\u0107","description":"Fotografije, ki\u0161e, zalaza i dvostruke duge iznad Splita.","robots":{"index":"index","follow":"follow","max-snippet":"max-snippet:-1","max-image-preview":"max-image-preview:large","max-video-preview":"max-video-preview:-1"},"canonical":"https:\/\/lidija-photo.com\/hr\/blog-hr\/dokumentarno\/vikend-fantasticnog-svjetla\/","og_locale":"hr_HR","og_type":"article","og_title":"Vikend fantasti\u010dnog svjetla u Splitu | Blog | Lidija Loli\u0107","og_description":"Fotografije, ki\u0161e, zalaza i dvostruke duge iznad Splita.","og_url":"https:\/\/lidija-photo.com\/hr\/blog-hr\/dokumentarno\/vikend-fantasticnog-svjetla\/","og_site_name":"Lidija Loli\u0107 Photography","article_publisher":"https:\/\/www.facebook.com\/lolic.lidija","article_author":"https:\/\/www.facebook.com\/lolic.lidija","article_published_time":"2014-03-02T01:33:35+00:00","article_modified_time":"2020-03-03T02:50:53+00:00","og_image":[{"width":1000,"height":554,"url":"https:\/\/lidija-photo.com\/wp-content\/uploads\/2014\/03\/vikend-dobrog-svjetla-duga.jpg","type":"image\/jpeg"}],"author":"Lidija","twitter_card":"summary_large_image","twitter_misc":{"Napisao\/la":"Lidija","Procijenjeno vrijeme \u010ditanja":"8 minutes"},"schema":{"@context":"https:\/\/schema.org","@graph":[{"@type":"Article","@id":"https:\/\/lidija-photo.com\/hr\/blog-hr\/dokumentarno\/vikend-fantasticnog-svjetla\/#article","isPartOf":{"@id":"https:\/\/lidija-photo.com\/hr\/blog-hr\/dokumentarno\/vikend-fantasticnog-svjetla\/"},"author":{"name":"Lidija","@id":"https:\/\/lidija-photo.com\/hr\/#\/schema\/person\/6c1b078b6fb2a3c266ad393ead6da313"},"headline":"Vikend fantasti\u010dnog svjetla","datePublished":"2014-03-02T01:33:35+00:00","dateModified":"2020-03-03T02:50:53+00:00","mainEntityOfPage":{"@id":"https:\/\/lidija-photo.com\/hr\/blog-hr\/dokumentarno\/vikend-fantasticnog-svjetla\/"},"wordCount":1658,"commentCount":0,"publisher":{"@id":"https:\/\/lidija-photo.com\/hr\/#\/schema\/person\/6c1b078b6fb2a3c266ad393ead6da313"},"image":{"@id":"https:\/\/lidija-photo.com\/hr\/blog-hr\/dokumentarno\/vikend-fantasticnog-svjetla\/#primaryimage"},"thumbnailUrl":"https:\/\/lidija-photo.com\/wp-content\/uploads\/2014\/03\/vikend-dobrog-svjetla-duga.jpg","keywords":["Hrvatska","Meteo","Split"],"articleSection":["Dokumentarno","Pejza\u017ei"],"inLanguage":"hr","potentialAction":[{"@type":"CommentAction","name":"Comment","target":["https:\/\/lidija-photo.com\/hr\/blog-hr\/dokumentarno\/vikend-fantasticnog-svjetla\/#respond"]}]},{"@type":"WebPage","@id":"https:\/\/lidija-photo.com\/hr\/blog-hr\/dokumentarno\/vikend-fantasticnog-svjetla\/","url":"https:\/\/lidija-photo.com\/hr\/blog-hr\/dokumentarno\/vikend-fantasticnog-svjetla\/","name":"Vikend fantasti\u010dnog svjetla u Splitu | Blog | Lidija Loli\u0107","isPartOf":{"@id":"https:\/\/lidija-photo.com\/hr\/#website"},"primaryImageOfPage":{"@id":"https:\/\/lidija-photo.com\/hr\/blog-hr\/dokumentarno\/vikend-fantasticnog-svjetla\/#primaryimage"},"image":{"@id":"https:\/\/lidija-photo.com\/hr\/blog-hr\/dokumentarno\/vikend-fantasticnog-svjetla\/#primaryimage"},"thumbnailUrl":"https:\/\/lidija-photo.com\/wp-content\/uploads\/2014\/03\/vikend-dobrog-svjetla-duga.jpg","datePublished":"2014-03-02T01:33:35+00:00","dateModified":"2020-03-03T02:50:53+00:00","description":"Fotografije, ki\u0161e, zalaza i dvostruke duge iznad Splita.","breadcrumb":{"@id":"https:\/\/lidija-photo.com\/hr\/blog-hr\/dokumentarno\/vikend-fantasticnog-svjetla\/#breadcrumb"},"inLanguage":"hr","potentialAction":[{"@type":"ReadAction","target":["https:\/\/lidija-photo.com\/hr\/blog-hr\/dokumentarno\/vikend-fantasticnog-svjetla\/"]}]},{"@type":"ImageObject","inLanguage":"hr","@id":"https:\/\/lidija-photo.com\/hr\/blog-hr\/dokumentarno\/vikend-fantasticnog-svjetla\/#primaryimage","url":"https:\/\/lidija-photo.com\/wp-content\/uploads\/2014\/03\/vikend-dobrog-svjetla-duga.jpg","contentUrl":"https:\/\/lidija-photo.com\/wp-content\/uploads\/2014\/03\/vikend-dobrog-svjetla-duga.jpg","width":1000,"height":554},{"@type":"BreadcrumbList","@id":"https:\/\/lidija-photo.com\/hr\/blog-hr\/dokumentarno\/vikend-fantasticnog-svjetla\/#breadcrumb","itemListElement":[{"@type":"ListItem","position":1,"name":"Home","item":"https:\/\/lidija-photo.com\/hr\/"},{"@type":"ListItem","position":2,"name":"Blog","item":"https:\/\/lidija-photo.com\/hr\/blog-hr\/"},{"@type":"ListItem","position":3,"name":"Dokumentarno","item":"https:\/\/lidija-photo.com\/hr\/blog-hr\/dokumentarno\/"},{"@type":"ListItem","position":4,"name":"Vikend fantasti\u010dnog svjetla"}]},{"@type":"WebSite","@id":"https:\/\/lidija-photo.com\/hr\/#website","url":"https:\/\/lidija-photo.com\/hr\/","name":"Lidija Loli\u0107 Photography","description":"","publisher":{"@id":"https:\/\/lidija-photo.com\/hr\/#\/schema\/person\/6c1b078b6fb2a3c266ad393ead6da313"},"alternateName":"Lidija Lolic Photography","potentialAction":[{"@type":"SearchAction","target":{"@type":"EntryPoint","urlTemplate":"https:\/\/lidija-photo.com\/hr\/?s={search_term_string}"},"query-input":{"@type":"PropertyValueSpecification","valueRequired":true,"valueName":"search_term_string"}}],"inLanguage":"hr"},{"@type":["Person","Organization"],"@id":"https:\/\/lidija-photo.com\/hr\/#\/schema\/person\/6c1b078b6fb2a3c266ad393ead6da313","name":"Lidija","image":{"@type":"ImageObject","inLanguage":"hr","@id":"https:\/\/lidija-photo.com\/wp-content\/uploads\/2018\/01\/lidija-lolic-logo-580px-en.png","url":"https:\/\/lidija-photo.com\/wp-content\/uploads\/2018\/01\/lidija-lolic-logo-580px-en.png","contentUrl":"https:\/\/lidija-photo.com\/wp-content\/uploads\/2018\/01\/lidija-lolic-logo-580px-en.png","width":580,"height":138,"caption":"Lidija"},"logo":{"@id":"https:\/\/lidija-photo.com\/wp-content\/uploads\/2018\/01\/lidija-lolic-logo-580px-en.png"},"sameAs":["http:\/\/lidija-photo.com","https:\/\/www.facebook.com\/lolic.lidija","https:\/\/www.instagram.com\/lidijalolic_photography\/"]}]}},"_links":{"self":[{"href":"https:\/\/lidija-photo.com\/hr\/wp-json\/wp\/v2\/posts\/8666","targetHints":{"allow":["GET"]}}],"collection":[{"href":"https:\/\/lidija-photo.com\/hr\/wp-json\/wp\/v2\/posts"}],"about":[{"href":"https:\/\/lidija-photo.com\/hr\/wp-json\/wp\/v2\/types\/post"}],"author":[{"embeddable":true,"href":"https:\/\/lidija-photo.com\/hr\/wp-json\/wp\/v2\/users\/1"}],"replies":[{"embeddable":true,"href":"https:\/\/lidija-photo.com\/hr\/wp-json\/wp\/v2\/comments?post=8666"}],"version-history":[{"count":4,"href":"https:\/\/lidija-photo.com\/hr\/wp-json\/wp\/v2\/posts\/8666\/revisions"}],"predecessor-version":[{"id":42965,"href":"https:\/\/lidija-photo.com\/hr\/wp-json\/wp\/v2\/posts\/8666\/revisions\/42965"}],"wp:featuredmedia":[{"embeddable":true,"href":"https:\/\/lidija-photo.com\/hr\/wp-json\/wp\/v2\/media\/9146"}],"wp:attachment":[{"href":"https:\/\/lidija-photo.com\/hr\/wp-json\/wp\/v2\/media?parent=8666"}],"wp:term":[{"taxonomy":"category","embeddable":true,"href":"https:\/\/lidija-photo.com\/hr\/wp-json\/wp\/v2\/categories?post=8666"},{"taxonomy":"post_tag","embeddable":true,"href":"https:\/\/lidija-photo.com\/hr\/wp-json\/wp\/v2\/tags?post=8666"}],"curies":[{"name":"wp","href":"https:\/\/api.w.org\/{rel}","templated":true}]}}